{"id":1518,"date":"2023-08-16T19:45:58","date_gmt":"2023-08-16T23:45:58","guid":{"rendered":"https:\/\/www.ebc.gob.bo\/portal\/?p=1518"},"modified":"2023-08-16T19:52:35","modified_gmt":"2023-08-16T23:52:35","slug":"1518","status":"publish","type":"post","link":"http:\/\/www.ebc.gob.bo\/portal\/index.php\/2023\/08\/16\/1518\/","title":{"rendered":"D\u00eda de la Bandera"},"content":{"rendered":"\n<figure class=\"wp-block-image aligncenter size-full\"><img fetchpriority=\"high\" decoding=\"async\" width=\"720\" height=\"542\" src=\"https:\/\/www.ebc.gob.bo\/portal\/wp-content\/uploads\/2023\/08\/nadera-Web.png\" alt=\"\" class=\"wp-image-1516\" srcset=\"http:\/\/www.ebc.gob.bo\/portal\/wp-content\/uploads\/2023\/08\/nadera-Web.png 720w, http:\/\/www.ebc.gob.bo\/portal\/wp-content\/uploads\/2023\/08\/nadera-Web-300x226.png 300w\" sizes=\"(max-width: 720px) 100vw, 720px\" \/><\/figure>\n\n\n\n<p class=\"wp-block-paragraph\"><a href=\"https:\/\/www.facebook.com\/hashtag\/ebcbolivia?__eep__=6&amp;__cft__%5b0%5d=AZVo0JiMenlDS3a-URb4vRIng1--Lnd3NrRMoJ3Va-u7C4twL6FY5FmtyOTo3VcuBW-9UyjHMRccGI5kYFuHB2Mw14agNwVIX_JiSJxC8L5peuA9-gSCo5FcAymMONXIPy0KStC8_4i0gUiNBGVGM1q1EMAS_gMi8R0lA8F5MQ-xk7wUZ5SNPmoQpyylTirUz1w&amp;__tn__=*NK-R\">#EbcBolivia<\/a> |&nbsp; El \u00abD\u00eda de la Bandera\u00bb es una fecha importante para las y los bolivianos, ya que representa la identidad y la unidad del pa\u00eds. La bandera es un s\u00edmbolo de libertad, de lucha por la independencia y de la diversidad cultural y geogr\u00e1fica de Bolivia.<\/p>\n\n\n\n<p class=\"wp-block-paragraph\">En este d\u00eda, los bolivianos aprovechan para reflexionar sobre la importancia de preservar la soberan\u00eda y la integridad territorial, as\u00ed como promover los valores de solidaridad, respeto y tolerancia entre todos los ciudadanos. Se busca fomentar el amor por la patria y el compromiso de trabajar juntos por un futuro mejor.<\/p>\n\n\n\n<p class=\"wp-block-paragraph\"><strong>\u00a1Viva Bolivia!<\/strong><\/p>\n\n\n\n<p class=\"has-vivid-cyan-blue-color has-text-color wp-block-paragraph\">#D\u00edaDeLaBandera <\/p>\n\n\n\n<p class=\"has-vivid-cyan-blue-color has-text-color wp-block-paragraph\">#EmblemaDePazYUni\u00f3n <\/p>\n\n\n\n<p class=\"has-vivid-cyan-blue-color has-text-color wp-block-paragraph\">#UnidosRumboAlBicentenario<\/p>\n\n\n\n<p class=\"wp-block-paragraph\"><a href=\"https:\/\/www.facebook.com\/hashtag\/a%C3%B1odelajuventud?__eep__=6&amp;__cft__%5b0%5d=AZVo0JiMenlDS3a-URb4vRIng1--Lnd3NrRMoJ3Va-u7C4twL6FY5FmtyOTo3VcuBW-9UyjHMRccGI5kYFuHB2Mw14agNwVIX_JiSJxC8L5peuA9-gSCo5FcAymMONXIPy0KStC8_4i0gUiNBGVGM1q1EMAS_gMi8R0lA8F5MQ-xk7wUZ5SNPmoQpyylTirUz1w&amp;__tn__=*NK-R\">#A\u00f1oDeLaJuventud<\/a> <\/p>\n\n\n\n<p class=\"wp-block-paragraph\"><a href=\"https:\/\/www.facebook.com\/hashtag\/unidosporbolivia?__eep__=6&amp;__cft__%5b0%5d=AZVo0JiMenlDS3a-URb4vRIng1--Lnd3NrRMoJ3Va-u7C4twL6FY5FmtyOTo3VcuBW-9UyjHMRccGI5kYFuHB2Mw14agNwVIX_JiSJxC8L5peuA9-gSCo5FcAymMONXIPy0KStC8_4i0gUiNBGVGM1q1EMAS_gMi8R0lA8F5MQ-xk7wUZ5SNPmoQpyylTirUz1w&amp;__tn__=*NK-R\">#UnidosPorBolivia<\/a> <\/p>\n\n\n\n<p class=\"wp-block-paragraph\"><a href=\"https:\/\/www.facebook.com\/hashtag\/200b?__eep__=6&amp;__cft__%5b0%5d=AZVo0JiMenlDS3a-URb4vRIng1--Lnd3NrRMoJ3Va-u7C4twL6FY5FmtyOTo3VcuBW-9UyjHMRccGI5kYFuHB2Mw14agNwVIX_JiSJxC8L5peuA9-gSCo5FcAymMONXIPy0KStC8_4i0gUiNBGVGM1q1EMAS_gMi8R0lA8F5MQ-xk7wUZ5SNPmoQpyylTirUz1w&amp;__tn__=*NK-R\">#200b<\/a> <\/p>\n\n\n\n<p class=\"wp-block-paragraph\"><a href=\"https:\/\/www.facebook.com\/hashtag\/unidosconstruimosboliviadecoraz%C3%B3n?__eep__=6&amp;__cft__%5b0%5d=AZVo0JiMenlDS3a-URb4vRIng1--Lnd3NrRMoJ3Va-u7C4twL6FY5FmtyOTo3VcuBW-9UyjHMRccGI5kYFuHB2Mw14agNwVIX_JiSJxC8L5peuA9-gSCo5FcAymMONXIPy0KStC8_4i0gUiNBGVGM1q1EMAS_gMi8R0lA8F5MQ-xk7wUZ5SNPmoQpyylTirUz1w&amp;__tn__=*NK-R\">#UnidosConstruimosBoliviaDeCoraz\u00f3n<\/a> <\/p>\n\n\n\n<p class=\"wp-block-paragraph\"><a href=\"https:\/\/www.facebook.com\/hashtag\/luchoarce?__eep__=6&amp;__cft__%5b0%5d=AZVo0JiMenlDS3a-URb4vRIng1--Lnd3NrRMoJ3Va-u7C4twL6FY5FmtyOTo3VcuBW-9UyjHMRccGI5kYFuHB2Mw14agNwVIX_JiSJxC8L5peuA9-gSCo5FcAymMONXIPy0KStC8_4i0gUiNBGVGM1q1EMAS_gMi8R0lA8F5MQ-xk7wUZ5SNPmoQpyylTirUz1w&amp;__tn__=*NK-R\">#LuchoArce<\/a> <\/p>\n\n\n\n<p class=\"wp-block-paragraph\"><a href=\"https:\/\/www.facebook.com\/hashtag\/edgarmontan%CC%83o?__eep__=6&amp;__cft__%5b0%5d=AZVo0JiMenlDS3a-URb4vRIng1--Lnd3NrRMoJ3Va-u7C4twL6FY5FmtyOTo3VcuBW-9UyjHMRccGI5kYFuHB2Mw14agNwVIX_JiSJxC8L5peuA9-gSCo5FcAymMONXIPy0KStC8_4i0gUiNBGVGM1q1EMAS_gMi8R0lA8F5MQ-xk7wUZ5SNPmoQpyylTirUz1w&amp;__tn__=*NK-R\">#edgarmonta\u00f1o<\/a> <\/p>\n\n\n\n<p class=\"wp-block-paragraph\"><a href=\"https:\/\/www.facebook.com\/hashtag\/bolivia?__eep__=6&amp;__cft__%5b0%5d=AZVo0JiMenlDS3a-URb4vRIng1--Lnd3NrRMoJ3Va-u7C4twL6FY5FmtyOTo3VcuBW-9UyjHMRccGI5kYFuHB2Mw14agNwVIX_JiSJxC8L5peuA9-gSCo5FcAymMONXIPy0KStC8_4i0gUiNBGVGM1q1EMAS_gMi8R0lA8F5MQ-xk7wUZ5SNPmoQpyylTirUz1w&amp;__tn__=*NK-R\">#Bolivia<\/a> <\/p>\n\n\n\n<p class=\"wp-block-paragraph\"><a href=\"https:\/\/www.facebook.com\/hashtag\/6deagosto?__eep__=6&amp;__cft__%5b0%5d=AZVo0JiMenlDS3a-URb4vRIng1--Lnd3NrRMoJ3Va-u7C4twL6FY5FmtyOTo3VcuBW-9UyjHMRccGI5kYFuHB2Mw14agNwVIX_JiSJxC8L5peuA9-gSCo5FcAymMONXIPy0KStC8_4i0gUiNBGVGM1q1EMAS_gMi8R0lA8F5MQ-xk7wUZ5SNPmoQpyylTirUz1w&amp;__tn__=*NK-R\">#17deAgosto<\/a><\/p>\n","protected":false},"excerpt":{"rendered":"<p>#EbcBolivia |&nbsp; El \u00abD\u00eda de la Bandera\u00bb es una fecha importante para las y los bolivianos, ya que representa la<\/p>\n","protected":false},"author":1,"featured_media":1519,"comment_status":"closed","ping_status":"closed","sticky":false,"template":"","format":"gallery","meta":{"colormag_page_layout":"no_sidebar_content_centered","_joinchat":[],"footnotes":""},"categories":[10],"tags":[],"class_list":["post-1518","post","type-post","status-publish","format-gallery","has-post-thumbnail","hentry","category-general","post_format-post-format-gallery"],"aioseo_notices":[],"aioseo_head":"\n\t\t<!-- All in One SEO 5.0.1.1 - aioseo.com -->\n\t<meta name=\"description\" content=\"#EbcBolivia | El &quot;D\u00eda de la Bandera&quot; es una fecha importante para las y los bolivianos, ya que representa la identidad y la unidad del pa\u00eds. La bandera es un s\u00edmbolo de libertad, de lucha por la independencia y de la diversidad cultural y geogr\u00e1fica de Bolivia. En este d\u00eda, los bolivianos aprovechan para reflexionar\" \/>\n\t<meta name=\"robots\" content=\"max-image-preview:large\" \/>\n\t<meta name=\"author\" content=\"EBC\"\/>\n\t<link rel=\"canonical\" href=\"http:\/\/www.ebc.gob.bo\/portal\/index.php\/2023\/08\/16\/1518\/\" \/>\n\t<meta name=\"generator\" content=\"All in One SEO (AIOSEO) 5.0.1.1\" \/>\n\t\t<meta property=\"og:locale\" content=\"es_ES\" \/>\n\t\t<meta property=\"og:site_name\" content=\"EBC - Empresa Estrat\u00e9gica Boliviana de Construcci\u00f3n y Conservaci\u00f3n de Infraestructura Civil\" \/>\n\t\t<meta property=\"og:type\" content=\"article\" \/>\n\t\t<meta property=\"og:title\" content=\"D\u00eda de la Bandera - EBC\" \/>\n\t\t<meta property=\"og:description\" content=\"#EbcBolivia | El &quot;D\u00eda de la Bandera&quot; es una fecha importante para las y los bolivianos, ya que representa la identidad y la unidad del pa\u00eds. La bandera es un s\u00edmbolo de libertad, de lucha por la independencia y de la diversidad cultural y geogr\u00e1fica de Bolivia. En este d\u00eda, los bolivianos aprovechan para reflexionar\" \/>\n\t\t<meta property=\"og:url\" content=\"http:\/\/www.ebc.gob.bo\/portal\/index.php\/2023\/08\/16\/1518\/\" \/>\n\t\t<meta property=\"og:image\" content=\"http:\/\/www.ebc.gob.bo\/portal\/wp-content\/uploads\/2023\/08\/nadera-Web-1.png\" \/>\n\t\t<meta property=\"og:image:width\" content=\"720\" \/>\n\t\t<meta property=\"og:image:height\" content=\"542\" \/>\n\t\t<meta property=\"article:published_time\" content=\"2023-08-16T23:45:58+00:00\" \/>\n\t\t<meta property=\"article:modified_time\" content=\"2023-08-16T23:52:35+00:00\" \/>\n\t\t<meta property=\"article:publisher\" content=\"https:\/\/www.facebook.com\/share\/1M1SNLMFT3\/\" \/>\n\t\t<meta name=\"twitter:card\" content=\"summary_large_image\" \/>\n\t\t<meta name=\"twitter:site\" content=\"@bolivia_ebc\" \/>\n\t\t<meta name=\"twitter:title\" content=\"D\u00eda de la Bandera - EBC\" \/>\n\t\t<meta name=\"twitter:description\" content=\"#EbcBolivia | El &quot;D\u00eda de la Bandera&quot; es una fecha importante para las y los bolivianos, ya que representa la identidad y la unidad del pa\u00eds. La bandera es un s\u00edmbolo de libertad, de lucha por la independencia y de la diversidad cultural y geogr\u00e1fica de Bolivia. En este d\u00eda, los bolivianos aprovechan para reflexionar\" \/>\n\t\t<meta name=\"twitter:creator\" content=\"@bolivia_ebc\" \/>\n\t\t<meta name=\"twitter:image\" content=\"http:\/\/www.ebc.gob.bo\/portal\/wp-content\/uploads\/2023\/08\/nadera-Web-1.png\" \/>\n\t\t<script type=\"application\/ld+json\" class=\"aioseo-schema\">\n\t\t\t{\"@context\":\"https:\\\/\\\/schema.org\",\"@graph\":[{\"@type\":\"BlogPosting\",\"@id\":\"http:\\\/\\\/www.ebc.gob.bo\\\/portal\\\/index.php\\\/2023\\\/08\\\/16\\\/1518\\\/#blogposting\",\"name\":\"D\\u00eda de la Bandera - EBC\",\"headline\":\"D\\u00eda de la Bandera\",\"author\":{\"@id\":\"http:\\\/\\\/www.ebc.gob.bo\\\/portal\\\/index.php\\\/author\\\/admin\\\/#author\"},\"publisher\":{\"@id\":\"http:\\\/\\\/www.ebc.gob.bo\\\/portal\\\/#organization\"},\"image\":{\"@type\":\"ImageObject\",\"url\":\"http:\\\/\\\/www.ebc.gob.bo\\\/portal\\\/wp-content\\\/uploads\\\/2023\\\/08\\\/nadera-Web-1.png\",\"width\":720,\"height\":542},\"datePublished\":\"2023-08-16T19:45:58-04:00\",\"dateModified\":\"2023-08-16T19:52:35-04:00\",\"inLanguage\":\"es-ES\",\"mainEntityOfPage\":{\"@id\":\"http:\\\/\\\/www.ebc.gob.bo\\\/portal\\\/index.php\\\/2023\\\/08\\\/16\\\/1518\\\/#webpage\"},\"isPartOf\":{\"@id\":\"http:\\\/\\\/www.ebc.gob.bo\\\/portal\\\/index.php\\\/2023\\\/08\\\/16\\\/1518\\\/#webpage\"},\"articleSection\":\"General, Galer\\u00eda\"},{\"@type\":\"BreadcrumbList\",\"@id\":\"http:\\\/\\\/www.ebc.gob.bo\\\/portal\\\/index.php\\\/2023\\\/08\\\/16\\\/1518\\\/#breadcrumblist\",\"itemListElement\":[{\"@type\":\"ListItem\",\"@id\":\"http:\\\/\\\/www.ebc.gob.bo\\\/portal#listItem\",\"position\":1,\"name\":\"Inicio\",\"item\":\"http:\\\/\\\/www.ebc.gob.bo\\\/portal\",\"nextItem\":{\"@type\":\"ListItem\",\"@id\":\"http:\\\/\\\/www.ebc.gob.bo\\\/portal\\\/index.php\\\/category\\\/general\\\/#listItem\",\"name\":\"General\"}},{\"@type\":\"ListItem\",\"@id\":\"http:\\\/\\\/www.ebc.gob.bo\\\/portal\\\/index.php\\\/category\\\/general\\\/#listItem\",\"position\":2,\"name\":\"General\",\"item\":\"http:\\\/\\\/www.ebc.gob.bo\\\/portal\\\/index.php\\\/category\\\/general\\\/\",\"nextItem\":{\"@type\":\"ListItem\",\"@id\":\"http:\\\/\\\/www.ebc.gob.bo\\\/portal\\\/index.php\\\/2023\\\/08\\\/16\\\/1518\\\/#listItem\",\"name\":\"D\\u00eda de la Bandera\"},\"previousItem\":{\"@type\":\"ListItem\",\"@id\":\"http:\\\/\\\/www.ebc.gob.bo\\\/portal#listItem\",\"name\":\"Inicio\"}},{\"@type\":\"ListItem\",\"@id\":\"http:\\\/\\\/www.ebc.gob.bo\\\/portal\\\/index.php\\\/2023\\\/08\\\/16\\\/1518\\\/#listItem\",\"position\":3,\"name\":\"D\\u00eda de la Bandera\",\"previousItem\":{\"@type\":\"ListItem\",\"@id\":\"http:\\\/\\\/www.ebc.gob.bo\\\/portal\\\/index.php\\\/category\\\/general\\\/#listItem\",\"name\":\"General\"}}]},{\"@type\":\"Organization\",\"@id\":\"http:\\\/\\\/www.ebc.gob.bo\\\/portal\\\/#organization\",\"name\":\"EBC\",\"description\":\"Empresa Estrat\\u00e9gica Boliviana de Construcci\\u00f3n y Conservaci\\u00f3n de Infraestructura Civil\",\"url\":\"http:\\\/\\\/www.ebc.gob.bo\\\/portal\\\/\",\"logo\":{\"@type\":\"ImageObject\",\"url\":\"http:\\\/\\\/www.ebc.gob.bo\\\/portal\\\/wp-content\\\/uploads\\\/2026\\\/05\\\/Empresa-Estrategica-Boliviana-1.jpg\",\"@id\":\"http:\\\/\\\/www.ebc.gob.bo\\\/portal\\\/index.php\\\/2023\\\/08\\\/16\\\/1518\\\/#organizationLogo\",\"width\":1350,\"height\":204},\"image\":{\"@id\":\"http:\\\/\\\/www.ebc.gob.bo\\\/portal\\\/index.php\\\/2023\\\/08\\\/16\\\/1518\\\/#organizationLogo\"},\"sameAs\":[\"https:\\\/\\\/www.facebook.com\\\/share\\\/1M1SNLMFT3\\\/\",\"https:\\\/\\\/x.com\\\/bolivia_ebc?t=fbPl6a1W2RVzjPiUoQjL5w&s=09\",\"https:\\\/\\\/www.tiktok.com\\\/@ebc.bolivia?_t=ZM-8yQy3KsZgng&_r=1\"]},{\"@type\":\"Person\",\"@id\":\"http:\\\/\\\/www.ebc.gob.bo\\\/portal\\\/index.php\\\/author\\\/admin\\\/#author\",\"url\":\"http:\\\/\\\/www.ebc.gob.bo\\\/portal\\\/index.php\\\/author\\\/admin\\\/\",\"name\":\"EBC\"},{\"@type\":\"WebPage\",\"@id\":\"http:\\\/\\\/www.ebc.gob.bo\\\/portal\\\/index.php\\\/2023\\\/08\\\/16\\\/1518\\\/#webpage\",\"url\":\"http:\\\/\\\/www.ebc.gob.bo\\\/portal\\\/index.php\\\/2023\\\/08\\\/16\\\/1518\\\/\",\"name\":\"D\\u00eda de la Bandera - EBC\",\"description\":\"#EbcBolivia | El \\\"D\\u00eda de la Bandera\\\" es una fecha importante para las y los bolivianos, ya que representa la identidad y la unidad del pa\\u00eds. La bandera es un s\\u00edmbolo de libertad, de lucha por la independencia y de la diversidad cultural y geogr\\u00e1fica de Bolivia. En este d\\u00eda, los bolivianos aprovechan para reflexionar\",\"inLanguage\":\"es-ES\",\"isPartOf\":{\"@id\":\"http:\\\/\\\/www.ebc.gob.bo\\\/portal\\\/#website\"},\"breadcrumb\":{\"@id\":\"http:\\\/\\\/www.ebc.gob.bo\\\/portal\\\/index.php\\\/2023\\\/08\\\/16\\\/1518\\\/#breadcrumblist\"},\"author\":{\"@id\":\"http:\\\/\\\/www.ebc.gob.bo\\\/portal\\\/index.php\\\/author\\\/admin\\\/#author\"},\"creator\":{\"@id\":\"http:\\\/\\\/www.ebc.gob.bo\\\/portal\\\/index.php\\\/author\\\/admin\\\/#author\"},\"image\":{\"@type\":\"ImageObject\",\"url\":\"http:\\\/\\\/www.ebc.gob.bo\\\/portal\\\/wp-content\\\/uploads\\\/2023\\\/08\\\/nadera-Web-1.png\",\"@id\":\"http:\\\/\\\/www.ebc.gob.bo\\\/portal\\\/index.php\\\/2023\\\/08\\\/16\\\/1518\\\/#mainImage\",\"width\":720,\"height\":542},\"primaryImageOfPage\":{\"@id\":\"http:\\\/\\\/www.ebc.gob.bo\\\/portal\\\/index.php\\\/2023\\\/08\\\/16\\\/1518\\\/#mainImage\"},\"datePublished\":\"2023-08-16T19:45:58-04:00\",\"dateModified\":\"2023-08-16T19:52:35-04:00\"},{\"@type\":\"WebSite\",\"@id\":\"http:\\\/\\\/www.ebc.gob.bo\\\/portal\\\/#website\",\"url\":\"http:\\\/\\\/www.ebc.gob.bo\\\/portal\\\/\",\"name\":\"EBC\",\"description\":\"Empresa Estrat\\u00e9gica Boliviana de Construcci\\u00f3n y Conservaci\\u00f3n de Infraestructura Civil\",\"inLanguage\":\"es-ES\",\"publisher\":{\"@id\":\"http:\\\/\\\/www.ebc.gob.bo\\\/portal\\\/#organization\"}}]}\n\t\t<\/script>\n\t\t<!-- All in One SEO -->\n\n","aioseo_head_json":{"title":"D\u00eda de la Bandera - EBC","description":"#EbcBolivia | El \"D\u00eda de la Bandera\" es una fecha importante para las y los bolivianos, ya que representa la identidad y la unidad del pa\u00eds. La bandera es un s\u00edmbolo de libertad, de lucha por la independencia y de la diversidad cultural y geogr\u00e1fica de Bolivia. En este d\u00eda, los bolivianos aprovechan para reflexionar","canonical_url":"http:\/\/www.ebc.gob.bo\/portal\/index.php\/2023\/08\/16\/1518\/","robots":"max-image-preview:large","keywords":"","webmasterTools":{"miscellaneous":""},"schema":{"@context":"https:\/\/schema.org","@graph":[{"@type":"BlogPosting","@id":"http:\/\/www.ebc.gob.bo\/portal\/index.php\/2023\/08\/16\/1518\/#blogposting","name":"D\u00eda de la Bandera - EBC","headline":"D\u00eda de la Bandera","author":{"@id":"http:\/\/www.ebc.gob.bo\/portal\/index.php\/author\/admin\/#author"},"publisher":{"@id":"http:\/\/www.ebc.gob.bo\/portal\/#organization"},"image":{"@type":"ImageObject","url":"http:\/\/www.ebc.gob.bo\/portal\/wp-content\/uploads\/2023\/08\/nadera-Web-1.png","width":720,"height":542},"datePublished":"2023-08-16T19:45:58-04:00","dateModified":"2023-08-16T19:52:35-04:00","inLanguage":"es-ES","mainEntityOfPage":{"@id":"http:\/\/www.ebc.gob.bo\/portal\/index.php\/2023\/08\/16\/1518\/#webpage"},"isPartOf":{"@id":"http:\/\/www.ebc.gob.bo\/portal\/index.php\/2023\/08\/16\/1518\/#webpage"},"articleSection":"General, Galer\u00eda"},{"@type":"BreadcrumbList","@id":"http:\/\/www.ebc.gob.bo\/portal\/index.php\/2023\/08\/16\/1518\/#breadcrumblist","itemListElement":[{"@type":"ListItem","@id":"http:\/\/www.ebc.gob.bo\/portal#listItem","position":1,"name":"Inicio","item":"http:\/\/www.ebc.gob.bo\/portal","nextItem":{"@type":"ListItem","@id":"http:\/\/www.ebc.gob.bo\/portal\/index.php\/category\/general\/#listItem","name":"General"}},{"@type":"ListItem","@id":"http:\/\/www.ebc.gob.bo\/portal\/index.php\/category\/general\/#listItem","position":2,"name":"General","item":"http:\/\/www.ebc.gob.bo\/portal\/index.php\/category\/general\/","nextItem":{"@type":"ListItem","@id":"http:\/\/www.ebc.gob.bo\/portal\/index.php\/2023\/08\/16\/1518\/#listItem","name":"D\u00eda de la Bandera"},"previousItem":{"@type":"ListItem","@id":"http:\/\/www.ebc.gob.bo\/portal#listItem","name":"Inicio"}},{"@type":"ListItem","@id":"http:\/\/www.ebc.gob.bo\/portal\/index.php\/2023\/08\/16\/1518\/#listItem","position":3,"name":"D\u00eda de la Bandera","previousItem":{"@type":"ListItem","@id":"http:\/\/www.ebc.gob.bo\/portal\/index.php\/category\/general\/#listItem","name":"General"}}]},{"@type":"Organization","@id":"http:\/\/www.ebc.gob.bo\/portal\/#organization","name":"EBC","description":"Empresa Estrat\u00e9gica Boliviana de Construcci\u00f3n y Conservaci\u00f3n de Infraestructura Civil","url":"http:\/\/www.ebc.gob.bo\/portal\/","logo":{"@type":"ImageObject","url":"http:\/\/www.ebc.gob.bo\/portal\/wp-content\/uploads\/2026\/05\/Empresa-Estrategica-Boliviana-1.jpg","@id":"http:\/\/www.ebc.gob.bo\/portal\/index.php\/2023\/08\/16\/1518\/#organizationLogo","width":1350,"height":204},"image":{"@id":"http:\/\/www.ebc.gob.bo\/portal\/index.php\/2023\/08\/16\/1518\/#organizationLogo"},"sameAs":["https:\/\/www.facebook.com\/share\/1M1SNLMFT3\/","https:\/\/x.com\/bolivia_ebc?t=fbPl6a1W2RVzjPiUoQjL5w&s=09","https:\/\/www.tiktok.com\/@ebc.bolivia?_t=ZM-8yQy3KsZgng&_r=1"]},{"@type":"Person","@id":"http:\/\/www.ebc.gob.bo\/portal\/index.php\/author\/admin\/#author","url":"http:\/\/www.ebc.gob.bo\/portal\/index.php\/author\/admin\/","name":"EBC"},{"@type":"WebPage","@id":"http:\/\/www.ebc.gob.bo\/portal\/index.php\/2023\/08\/16\/1518\/#webpage","url":"http:\/\/www.ebc.gob.bo\/portal\/index.php\/2023\/08\/16\/1518\/","name":"D\u00eda de la Bandera - EBC","description":"#EbcBolivia | El \"D\u00eda de la Bandera\" es una fecha importante para las y los bolivianos, ya que representa la identidad y la unidad del pa\u00eds. La bandera es un s\u00edmbolo de libertad, de lucha por la independencia y de la diversidad cultural y geogr\u00e1fica de Bolivia. En este d\u00eda, los bolivianos aprovechan para reflexionar","inLanguage":"es-ES","isPartOf":{"@id":"http:\/\/www.ebc.gob.bo\/portal\/#website"},"breadcrumb":{"@id":"http:\/\/www.ebc.gob.bo\/portal\/index.php\/2023\/08\/16\/1518\/#breadcrumblist"},"author":{"@id":"http:\/\/www.ebc.gob.bo\/portal\/index.php\/author\/admin\/#author"},"creator":{"@id":"http:\/\/www.ebc.gob.bo\/portal\/index.php\/author\/admin\/#author"},"image":{"@type":"ImageObject","url":"http:\/\/www.ebc.gob.bo\/portal\/wp-content\/uploads\/2023\/08\/nadera-Web-1.png","@id":"http:\/\/www.ebc.gob.bo\/portal\/index.php\/2023\/08\/16\/1518\/#mainImage","width":720,"height":542},"primaryImageOfPage":{"@id":"http:\/\/www.ebc.gob.bo\/portal\/index.php\/2023\/08\/16\/1518\/#mainImage"},"datePublished":"2023-08-16T19:45:58-04:00","dateModified":"2023-08-16T19:52:35-04:00"},{"@type":"WebSite","@id":"http:\/\/www.ebc.gob.bo\/portal\/#website","url":"http:\/\/www.ebc.gob.bo\/portal\/","name":"EBC","description":"Empresa Estrat\u00e9gica Boliviana de Construcci\u00f3n y Conservaci\u00f3n de Infraestructura Civil","inLanguage":"es-ES","publisher":{"@id":"http:\/\/www.ebc.gob.bo\/portal\/#organization"}}]},"og:locale":"es_ES","og:site_name":"EBC - Empresa Estrat\u00e9gica Boliviana de Construcci\u00f3n y Conservaci\u00f3n de Infraestructura Civil","og:type":"article","og:title":"D\u00eda de la Bandera - EBC","og:description":"#EbcBolivia | El &quot;D\u00eda de la Bandera&quot; es una fecha importante para las y los bolivianos, ya que representa la identidad y la unidad del pa\u00eds. La bandera es un s\u00edmbolo de libertad, de lucha por la independencia y de la diversidad cultural y geogr\u00e1fica de Bolivia. En este d\u00eda, los bolivianos aprovechan para reflexionar","og:url":"http:\/\/www.ebc.gob.bo\/portal\/index.php\/2023\/08\/16\/1518\/","og:image":"http:\/\/www.ebc.gob.bo\/portal\/wp-content\/uploads\/2023\/08\/nadera-Web-1.png","og:image:width":720,"og:image:height":542,"article:published_time":"2023-08-16T23:45:58+00:00","article:modified_time":"2023-08-16T23:52:35+00:00","article:publisher":"https:\/\/www.facebook.com\/share\/1M1SNLMFT3\/","twitter:card":"summary_large_image","twitter:site":"@bolivia_ebc","twitter:title":"D\u00eda de la Bandera - EBC","twitter:description":"#EbcBolivia | El &quot;D\u00eda de la Bandera&quot; es una fecha importante para las y los bolivianos, ya que representa la identidad y la unidad del pa\u00eds. La bandera es un s\u00edmbolo de libertad, de lucha por la independencia y de la diversidad cultural y geogr\u00e1fica de Bolivia. En este d\u00eda, los bolivianos aprovechan para reflexionar","twitter:creator":"@bolivia_ebc","twitter:image":"http:\/\/www.ebc.gob.bo\/portal\/wp-content\/uploads\/2023\/08\/nadera-Web-1.png"},"aioseo_meta_data":{"post_id":"1518","title":null,"description":null,"keywords":null,"keyphrases":null,"primary_term":null,"canonical_url":null,"og_title":null,"og_description":null,"og_object_type":"default","og_image_type":"default","og_image_url":null,"og_image_width":null,"og_image_height":null,"og_image_custom_url":null,"og_image_custom_fields":null,"og_video":null,"og_custom_url":null,"og_article_section":null,"og_article_tags":null,"twitter_use_og":false,"twitter_card":"default","twitter_image_type":"default","twitter_image_url":null,"twitter_image_custom_url":null,"twitter_image_custom_fields":null,"twitter_title":null,"twitter_description":null,"schema":{"blockGraphs":[],"customGraphs":[],"default":{"data":{"Article":[],"Course":[],"Dataset":[],"FAQPage":[],"Movie":[],"Person":[],"Product":[],"ProductReview":[],"Car":[],"Recipe":[],"Service":[],"SoftwareApplication":[],"WebPage":[]},"graphName":"","isEnabled":true},"graphs":[]},"schema_type":"default","schema_type_options":null,"pillar_content":false,"robots_default":true,"robots_noindex":false,"robots_noarchive":false,"robots_nosnippet":false,"robots_nofollow":false,"robots_noimageindex":false,"robots_noodp":false,"robots_notranslate":false,"robots_max_snippet":null,"robots_max_videopreview":null,"robots_max_imagepreview":"large","priority":null,"frequency":null,"local_seo":null,"breadcrumb_settings":null,"limit_modified_date":false,"ai":null,"created":"2023-09-20 02:50:04","updated":"2026-04-26 08:04:22","focus_keyword":null,"additional_keywords":null,"truseo_locale":null,"seo_analyzer_scan_date":null},"aioseo_breadcrumb":"<div class=\"aioseo-breadcrumbs\"><span class=\"aioseo-breadcrumb\">\n\t\t\t<a href=\"http:\/\/www.ebc.gob.bo\/portal\" title=\"Inicio\">Inicio<\/a>\n\t\t<\/span><span class=\"aioseo-breadcrumb-separator\">&raquo;<\/span><span class=\"aioseo-breadcrumb\">\n\t\t\t<a href=\"http:\/\/www.ebc.gob.bo\/portal\/index.php\/category\/general\/\" title=\"General\">General<\/a>\n\t\t<\/span><span class=\"aioseo-breadcrumb-separator\">&raquo;<\/span><span class=\"aioseo-breadcrumb\">\n\t\t\tD\u00eda de la Bandera\n\t\t<\/span><\/div>","aioseo_breadcrumb_json":[{"label":"Inicio","link":"http:\/\/www.ebc.gob.bo\/portal"},{"label":"General","link":"http:\/\/www.ebc.gob.bo\/portal\/index.php\/category\/general\/"},{"label":"D\u00eda de la Bandera","link":"http:\/\/www.ebc.gob.bo\/portal\/index.php\/2023\/08\/16\/1518\/"}],"_links":{"self":[{"href":"http:\/\/www.ebc.gob.bo\/portal\/index.php\/wp-json\/wp\/v2\/posts\/1518","targetHints":{"allow":["GET"]}}],"collection":[{"href":"http:\/\/www.ebc.gob.bo\/portal\/index.php\/wp-json\/wp\/v2\/posts"}],"about":[{"href":"http:\/\/www.ebc.gob.bo\/portal\/index.php\/wp-json\/wp\/v2\/types\/post"}],"author":[{"embeddable":true,"href":"http:\/\/www.ebc.gob.bo\/portal\/index.php\/wp-json\/wp\/v2\/users\/1"}],"replies":[{"embeddable":true,"href":"http:\/\/www.ebc.gob.bo\/portal\/index.php\/wp-json\/wp\/v2\/comments?post=1518"}],"version-history":[{"count":3,"href":"http:\/\/www.ebc.gob.bo\/portal\/index.php\/wp-json\/wp\/v2\/posts\/1518\/revisions"}],"predecessor-version":[{"id":1522,"href":"http:\/\/www.ebc.gob.bo\/portal\/index.php\/wp-json\/wp\/v2\/posts\/1518\/revisions\/1522"}],"wp:featuredmedia":[{"embeddable":true,"href":"http:\/\/www.ebc.gob.bo\/portal\/index.php\/wp-json\/wp\/v2\/media\/1519"}],"wp:attachment":[{"href":"http:\/\/www.ebc.gob.bo\/portal\/index.php\/wp-json\/wp\/v2\/media?parent=1518"}],"wp:term":[{"taxonomy":"category","embeddable":true,"href":"http:\/\/www.ebc.gob.bo\/portal\/index.php\/wp-json\/wp\/v2\/categories?post=1518"},{"taxonomy":"post_tag","embeddable":true,"href":"http:\/\/www.ebc.gob.bo\/portal\/index.php\/wp-json\/wp\/v2\/tags?post=1518"}],"curies":[{"name":"wp","href":"https:\/\/api.w.org\/{rel}","templated":true}]}}