{"id":2383,"date":"2025-06-18T11:21:35","date_gmt":"2025-06-18T15:21:35","guid":{"rendered":"https:\/\/www.ebc.gob.bo\/portal\/?p=2383"},"modified":"2025-06-18T11:24:56","modified_gmt":"2025-06-18T15:24:56","slug":"conservacion-vial-del-tramo-bn03-yucumo-san-ignacio-monte-grande-de-apere-2","status":"publish","type":"post","link":"http:\/\/www.ebc.gob.bo\/portal\/index.php\/2025\/06\/18\/conservacion-vial-del-tramo-bn03-yucumo-san-ignacio-monte-grande-de-apere-2\/","title":{"rendered":"CONSERVACI\u00d3N VIAL YUCUMO \u2013 SAN IGNACIO \u2013 MONTE GRANDE DE APERE"},"content":{"rendered":"\n<p class=\"wp-block-paragraph\">CONSERVACI\u00d3N VIAL DEL TRAMO BN03 YUCUMO \u2013 SAN IGNACIO \u2013 MONTE GRANDE DE APERE<\/p>\n\n\n\n<div class=\"alignnormal\"><div id=\"metaslider-id-5540\" style=\"width: 100%; margin: 0 auto;\" class=\"ml-slider-3-111-2 metaslider metaslider-flex metaslider-5540 ml-slider has-dots-nav ms-theme-default-base\" role=\"region\" aria-label=\"moxos entrega\" data-height=\"432\" data-width=\"648\">\n    <div id=\"metaslider_container_5540\">\n        <div id=\"metaslider_5540\">\n            <ul class='slides'>\n                <li style=\"display: block; width: 100%;\" class=\"slide-5548 ms-image \" aria-roledescription=\"slide\" data-date=\"2025-06-17 17:05:42\" data-filename=\"01-scaled-648x432.jpg\" data-slide-type=\"image\"><img fetchpriority=\"high\" decoding=\"async\" src=\"http:\/\/www.ebc.gob.bo\/portal\/wp-content\/uploads\/2025\/06\/01-scaled-648x432.jpg\" height=\"432\" width=\"648\" alt=\"\" class=\"slider-5540 slide-5548 msDefaultImage\" title=\"01\" \/><\/li>\n                <li style=\"display: none; width: 100%;\" class=\"slide-5550 ms-image \" aria-roledescription=\"slide\" data-date=\"2025-06-17 17:05:45\" data-filename=\"03-scaled-648x432.jpg\" data-slide-type=\"image\"><img decoding=\"async\" src=\"http:\/\/www.ebc.gob.bo\/portal\/wp-content\/uploads\/2025\/06\/03-scaled-648x432.jpg\" height=\"432\" width=\"648\" alt=\"\" class=\"slider-5540 slide-5550 msDefaultImage\" title=\"03\" \/><\/li>\n                <li style=\"display: none; width: 100%;\" class=\"slide-5553 ms-image \" aria-roledescription=\"slide\" data-date=\"2025-06-17 17:05:47\" data-filename=\"06-scaled-648x432.jpg\" data-slide-type=\"image\"><img decoding=\"async\" src=\"http:\/\/www.ebc.gob.bo\/portal\/wp-content\/uploads\/2025\/06\/06-scaled-648x432.jpg\" height=\"432\" width=\"648\" alt=\"\" class=\"slider-5540 slide-5553 msDefaultImage\" title=\"06\" \/><\/li>\n                <li style=\"display: none; width: 100%;\" class=\"slide-5549 ms-image \" aria-roledescription=\"slide\" data-date=\"2025-06-17 17:05:44\" data-filename=\"02-scaled-648x432.jpg\" data-slide-type=\"image\"><img loading=\"lazy\" decoding=\"async\" src=\"http:\/\/www.ebc.gob.bo\/portal\/wp-content\/uploads\/2025\/06\/02-scaled-648x432.jpg\" height=\"432\" width=\"648\" alt=\"\" class=\"slider-5540 slide-5549 msDefaultImage\" title=\"02\" \/><\/li>\n                <li style=\"display: none; width: 100%;\" class=\"slide-5551 ms-image \" aria-roledescription=\"slide\" data-date=\"2025-06-17 17:05:46\" data-filename=\"04-scaled-648x432.jpg\" data-slide-type=\"image\"><img loading=\"lazy\" decoding=\"async\" src=\"http:\/\/www.ebc.gob.bo\/portal\/wp-content\/uploads\/2025\/06\/04-scaled-648x432.jpg\" height=\"432\" width=\"648\" alt=\"\" class=\"slider-5540 slide-5551 msDefaultImage\" title=\"04\" \/><\/li>\n                <li style=\"display: none; width: 100%;\" class=\"slide-5552 ms-image \" aria-roledescription=\"slide\" data-date=\"2025-06-17 17:05:46\" data-filename=\"05-scaled-648x432.jpg\" data-slide-type=\"image\"><img loading=\"lazy\" decoding=\"async\" src=\"http:\/\/www.ebc.gob.bo\/portal\/wp-content\/uploads\/2025\/06\/05-scaled-648x432.jpg\" height=\"432\" width=\"648\" alt=\"\" class=\"slider-5540 slide-5552 msDefaultImage\" title=\"05\" \/><\/li>\n                <li style=\"display: none; width: 100%;\" class=\"slide-5554 ms-image \" aria-roledescription=\"slide\" data-date=\"2025-06-17 17:05:48\" data-filename=\"07-scaled-648x432.jpg\" data-slide-type=\"image\"><img loading=\"lazy\" decoding=\"async\" src=\"http:\/\/www.ebc.gob.bo\/portal\/wp-content\/uploads\/2025\/06\/07-scaled-648x432.jpg\" height=\"432\" width=\"648\" alt=\"\" class=\"slider-5540 slide-5554 msDefaultImage\" title=\"07\" \/><\/li>\n            <\/ul>\n        <\/div>\n        \n    <\/div>\n<\/div><\/div>\n\n\n<p style=\"text-align: justify;\"><strong>UBICACI\u00d3N:<\/strong><\/p>\n<p style=\"text-align: justify;\">El proyecto de conservaci\u00f3n vial corresponde tramo San Ignacio de Moxos CR.RT.F003 \u2013 Monte Grande del Apere, que pertenece a la Ruta Fundamental N\u00ba 24 del departamento del Beni.<\/p>\n<p style=\"text-align: justify;\"><strong>INVERSI\u00d3N:\u00a0<\/strong>Bs1.663.609,49.<\/p>\n<p style=\"text-align: justify;\"><strong>OBJETIVO GENERAL DE LA OBRA:<\/strong><\/p>\n<p style=\"text-align: justify;\">Es garantizar la accesibilidad mediante la <strong>conservaci\u00f3n vial <\/strong>a todos los usuarios, incluyendo peatones, ciclistas y personas con movilidad reducida y promover la sostenibilidad en su dise\u00f1o y construcci\u00f3n.<\/p>\n<p style=\"text-align: justify;\"><strong>CARACTER\u00cdSTICAS DE LA OBRA:<\/strong><\/p>\n<p style=\"text-align: justify;\">Longitud total de v\u00eda 76,50 (km)<\/p>\n<ul style=\"text-align: justify;\">\n<li>Reposici\u00f3n de material en taludes de terrapl\u00e9n<\/li>\n<li>Humedecimiento de calzada<\/li>\n<li>Nivelaci\u00f3n de calzada c\/compactaci\u00f3n<\/li>\n<li>Reparaci\u00f3n de sitios inestables en v\u00edas no pavimentadas<\/li>\n<li>Reposici\u00f3n de ripio en carpetas de grava<\/li>\n<li>Bacheo en carpetas de grava<\/li>\n<li>Estabilizaci\u00f3n de taludes<\/li>\n<li>Adquisici\u00f3n de materiales para microempresas<\/li>\n<li>Atenci\u00f3n de emergencias viales ordinarias<\/li>\n<\/ul>\n<p><strong>ESTADO DE LA OBRA: Entregada el 28 de mayo de 2025<\/strong>.<\/p>\n<p style=\"text-align: justify;\"><strong>ENTIDAD CONTRATANTE:\u00a0<\/strong>Administradora Boliviana de Carreteras &#8211; ABC.<\/p>\n<p style=\"text-align: justify;\"><strong>IMPACTO:<\/strong><\/p>\n<p style=\"text-align: justify;\">La conservaci\u00f3n de las carreteras contribuir\u00e1 a la generaci\u00f3n de empleo en el sector de la construcci\u00f3n y mantenimiento de infraestructuras viales, as\u00ed como en sectores relacionados, como el turismo, la log\u00edstica y el comercio. Asimismo, al mejorar la accesibilidad a \u00e1reas rurales y remotas, se fomentar\u00e1 la integraci\u00f3n social y la equidad territorial, promoviendo el desarrollo de estas zonas y mejorando la calidad de vida de sus habitantes.<\/p>","protected":false},"excerpt":{"rendered":"<p>CONSERVACI\u00d3N VIAL DEL TRAMO BN03 YUCUMO \u2013 SAN IGNACIO \u2013 MONTE GRANDE DE APERE UBICACI\u00d3N: El proyecto de conservaci\u00f3n vial<\/p>\n","protected":false},"author":1,"featured_media":5564,"comment_status":"closed","ping_status":"closed","sticky":false,"template":"","format":"gallery","meta":{"colormag_page_layout":"default_layout","_joinchat":[],"footnotes":""},"categories":[10,13,2],"tags":[],"class_list":["post-2383","post","type-post","status-publish","format-gallery","has-post-thumbnail","hentry","category-general","category-news","category-business","post_format-post-format-gallery"],"aioseo_notices":[],"aioseo_head":"\n\t\t<!-- All in One SEO 5.0.1.1 - aioseo.com -->\n\t<meta name=\"description\" content=\"CONSERVACI\u00d3N VIAL DEL TRAMO BN03 YUCUMO \u2013 SAN IGNACIO \u2013 MONTE GRANDE DE APERE UBICACI\u00d3N: El proyecto de conservaci\u00f3n vial corresponde tramo San Ignacio de Moxos CR.RT.F003 \u2013 Monte Grande del Apere, que pertenece a la Ruta Fundamental N\u00ba 24 del departamento del Beni. INVERSI\u00d3N: Bs1.663.609,49. OBJETIVO GENERAL DE LA OBRA: Es garantizar la accesibilidad mediante\" \/>\n\t<meta name=\"robots\" content=\"max-image-preview:large\" \/>\n\t<meta name=\"author\" content=\"EBC\"\/>\n\t<link rel=\"canonical\" href=\"http:\/\/www.ebc.gob.bo\/portal\/index.php\/2025\/06\/18\/conservacion-vial-del-tramo-bn03-yucumo-san-ignacio-monte-grande-de-apere-2\/\" \/>\n\t<meta name=\"generator\" content=\"All in One SEO (AIOSEO) 5.0.1.1\" \/>\n\t\t<meta property=\"og:locale\" content=\"es_ES\" \/>\n\t\t<meta property=\"og:site_name\" content=\"EBC - Empresa Estrat\u00e9gica Boliviana de Construcci\u00f3n y Conservaci\u00f3n de Infraestructura Civil\" \/>\n\t\t<meta property=\"og:type\" content=\"article\" \/>\n\t\t<meta property=\"og:title\" content=\"CONSERVACI\u00d3N VIAL YUCUMO \u2013 SAN IGNACIO \u2013 MONTE GRANDE DE APERE - EBC\" \/>\n\t\t<meta property=\"og:description\" content=\"CONSERVACI\u00d3N VIAL DEL TRAMO BN03 YUCUMO \u2013 SAN IGNACIO \u2013 MONTE GRANDE DE APERE UBICACI\u00d3N: El proyecto de conservaci\u00f3n vial corresponde tramo San Ignacio de Moxos CR.RT.F003 \u2013 Monte Grande del Apere, que pertenece a la Ruta Fundamental N\u00ba 24 del departamento del Beni. INVERSI\u00d3N: Bs1.663.609,49. OBJETIVO GENERAL DE LA OBRA: Es garantizar la accesibilidad mediante\" \/>\n\t\t<meta property=\"og:url\" content=\"http:\/\/www.ebc.gob.bo\/portal\/index.php\/2025\/06\/18\/conservacion-vial-del-tramo-bn03-yucumo-san-ignacio-monte-grande-de-apere-2\/\" \/>\n\t\t<meta property=\"og:image\" content=\"http:\/\/www.ebc.gob.bo\/portal\/wp-content\/uploads\/2025\/06\/EBC_MOXOS_03-scaled.jpg\" \/>\n\t\t<meta property=\"og:image:width\" content=\"2560\" \/>\n\t\t<meta property=\"og:image:height\" content=\"1706\" \/>\n\t\t<meta property=\"article:published_time\" content=\"2025-06-18T15:21:35+00:00\" \/>\n\t\t<meta property=\"article:modified_time\" content=\"2025-06-18T15:24:56+00:00\" \/>\n\t\t<meta property=\"article:publisher\" content=\"https:\/\/www.facebook.com\/share\/1M1SNLMFT3\/\" \/>\n\t\t<meta name=\"twitter:card\" content=\"summary_large_image\" \/>\n\t\t<meta name=\"twitter:site\" content=\"@bolivia_ebc\" \/>\n\t\t<meta name=\"twitter:title\" content=\"CONSERVACI\u00d3N VIAL YUCUMO \u2013 SAN IGNACIO \u2013 MONTE GRANDE DE APERE - EBC\" \/>\n\t\t<meta name=\"twitter:description\" content=\"CONSERVACI\u00d3N VIAL DEL TRAMO BN03 YUCUMO \u2013 SAN IGNACIO \u2013 MONTE GRANDE DE APERE UBICACI\u00d3N: El proyecto de conservaci\u00f3n vial corresponde tramo San Ignacio de Moxos CR.RT.F003 \u2013 Monte Grande del Apere, que pertenece a la Ruta Fundamental N\u00ba 24 del departamento del Beni. INVERSI\u00d3N: Bs1.663.609,49. OBJETIVO GENERAL DE LA OBRA: Es garantizar la accesibilidad mediante\" \/>\n\t\t<meta name=\"twitter:creator\" content=\"@bolivia_ebc\" \/>\n\t\t<meta name=\"twitter:image\" content=\"http:\/\/www.ebc.gob.bo\/portal\/wp-content\/uploads\/2025\/06\/EBC_MOXOS_03-scaled.jpg\" \/>\n\t\t<script type=\"application\/ld+json\" class=\"aioseo-schema\">\n\t\t\t{\"@context\":\"https:\\\/\\\/schema.org\",\"@graph\":[{\"@type\":\"BlogPosting\",\"@id\":\"http:\\\/\\\/www.ebc.gob.bo\\\/portal\\\/index.php\\\/2025\\\/06\\\/18\\\/conservacion-vial-del-tramo-bn03-yucumo-san-ignacio-monte-grande-de-apere-2\\\/#blogposting\",\"name\":\"CONSERVACI\\u00d3N VIAL YUCUMO \\u2013 SAN IGNACIO \\u2013 MONTE GRANDE DE APERE - EBC\",\"headline\":\"CONSERVACI\\u00d3N VIAL YUCUMO \\u2013 SAN IGNACIO \\u2013 MONTE GRANDE DE APERE\",\"author\":{\"@id\":\"http:\\\/\\\/www.ebc.gob.bo\\\/portal\\\/index.php\\\/author\\\/admin\\\/#author\"},\"publisher\":{\"@id\":\"http:\\\/\\\/www.ebc.gob.bo\\\/portal\\\/#organization\"},\"image\":{\"@type\":\"ImageObject\",\"url\":\"http:\\\/\\\/www.ebc.gob.bo\\\/portal\\\/wp-content\\\/uploads\\\/2025\\\/06\\\/EBC_MOXOS_03-scaled.jpg\",\"width\":2560,\"height\":1706},\"datePublished\":\"2025-06-18T11:21:35-04:00\",\"dateModified\":\"2025-06-18T11:24:56-04:00\",\"inLanguage\":\"es-ES\",\"mainEntityOfPage\":{\"@id\":\"http:\\\/\\\/www.ebc.gob.bo\\\/portal\\\/index.php\\\/2025\\\/06\\\/18\\\/conservacion-vial-del-tramo-bn03-yucumo-san-ignacio-monte-grande-de-apere-2\\\/#webpage\"},\"isPartOf\":{\"@id\":\"http:\\\/\\\/www.ebc.gob.bo\\\/portal\\\/index.php\\\/2025\\\/06\\\/18\\\/conservacion-vial-del-tramo-bn03-yucumo-san-ignacio-monte-grande-de-apere-2\\\/#webpage\"},\"articleSection\":\"General, News, Obra Concluida, Galer\\u00eda\"},{\"@type\":\"BreadcrumbList\",\"@id\":\"http:\\\/\\\/www.ebc.gob.bo\\\/portal\\\/index.php\\\/2025\\\/06\\\/18\\\/conservacion-vial-del-tramo-bn03-yucumo-san-ignacio-monte-grande-de-apere-2\\\/#breadcrumblist\",\"itemListElement\":[{\"@type\":\"ListItem\",\"@id\":\"http:\\\/\\\/www.ebc.gob.bo\\\/portal#listItem\",\"position\":1,\"name\":\"Inicio\",\"item\":\"http:\\\/\\\/www.ebc.gob.bo\\\/portal\",\"nextItem\":{\"@type\":\"ListItem\",\"@id\":\"http:\\\/\\\/www.ebc.gob.bo\\\/portal\\\/index.php\\\/category\\\/business\\\/#listItem\",\"name\":\"Obra Concluida\"}},{\"@type\":\"ListItem\",\"@id\":\"http:\\\/\\\/www.ebc.gob.bo\\\/portal\\\/index.php\\\/category\\\/business\\\/#listItem\",\"position\":2,\"name\":\"Obra Concluida\",\"item\":\"http:\\\/\\\/www.ebc.gob.bo\\\/portal\\\/index.php\\\/category\\\/business\\\/\",\"nextItem\":{\"@type\":\"ListItem\",\"@id\":\"http:\\\/\\\/www.ebc.gob.bo\\\/portal\\\/index.php\\\/2025\\\/06\\\/18\\\/conservacion-vial-del-tramo-bn03-yucumo-san-ignacio-monte-grande-de-apere-2\\\/#listItem\",\"name\":\"CONSERVACI\\u00d3N VIAL YUCUMO \\u2013 SAN IGNACIO \\u2013 MONTE GRANDE DE APERE\"},\"previousItem\":{\"@type\":\"ListItem\",\"@id\":\"http:\\\/\\\/www.ebc.gob.bo\\\/portal#listItem\",\"name\":\"Inicio\"}},{\"@type\":\"ListItem\",\"@id\":\"http:\\\/\\\/www.ebc.gob.bo\\\/portal\\\/index.php\\\/2025\\\/06\\\/18\\\/conservacion-vial-del-tramo-bn03-yucumo-san-ignacio-monte-grande-de-apere-2\\\/#listItem\",\"position\":3,\"name\":\"CONSERVACI\\u00d3N VIAL YUCUMO \\u2013 SAN IGNACIO \\u2013 MONTE GRANDE DE APERE\",\"previousItem\":{\"@type\":\"ListItem\",\"@id\":\"http:\\\/\\\/www.ebc.gob.bo\\\/portal\\\/index.php\\\/category\\\/business\\\/#listItem\",\"name\":\"Obra Concluida\"}}]},{\"@type\":\"Organization\",\"@id\":\"http:\\\/\\\/www.ebc.gob.bo\\\/portal\\\/#organization\",\"name\":\"EBC\",\"description\":\"Empresa Estrat\\u00e9gica Boliviana de Construcci\\u00f3n y Conservaci\\u00f3n de Infraestructura Civil\",\"url\":\"http:\\\/\\\/www.ebc.gob.bo\\\/portal\\\/\",\"logo\":{\"@type\":\"ImageObject\",\"url\":\"http:\\\/\\\/www.ebc.gob.bo\\\/portal\\\/wp-content\\\/uploads\\\/2026\\\/05\\\/Empresa-Estrategica-Boliviana-1.jpg\",\"@id\":\"http:\\\/\\\/www.ebc.gob.bo\\\/portal\\\/index.php\\\/2025\\\/06\\\/18\\\/conservacion-vial-del-tramo-bn03-yucumo-san-ignacio-monte-grande-de-apere-2\\\/#organizationLogo\",\"width\":1350,\"height\":204},\"image\":{\"@id\":\"http:\\\/\\\/www.ebc.gob.bo\\\/portal\\\/index.php\\\/2025\\\/06\\\/18\\\/conservacion-vial-del-tramo-bn03-yucumo-san-ignacio-monte-grande-de-apere-2\\\/#organizationLogo\"},\"sameAs\":[\"https:\\\/\\\/www.facebook.com\\\/share\\\/1M1SNLMFT3\\\/\",\"https:\\\/\\\/x.com\\\/bolivia_ebc?t=fbPl6a1W2RVzjPiUoQjL5w&s=09\",\"https:\\\/\\\/www.tiktok.com\\\/@ebc.bolivia?_t=ZM-8yQy3KsZgng&_r=1\"]},{\"@type\":\"Person\",\"@id\":\"http:\\\/\\\/www.ebc.gob.bo\\\/portal\\\/index.php\\\/author\\\/admin\\\/#author\",\"url\":\"http:\\\/\\\/www.ebc.gob.bo\\\/portal\\\/index.php\\\/author\\\/admin\\\/\",\"name\":\"EBC\"},{\"@type\":\"WebPage\",\"@id\":\"http:\\\/\\\/www.ebc.gob.bo\\\/portal\\\/index.php\\\/2025\\\/06\\\/18\\\/conservacion-vial-del-tramo-bn03-yucumo-san-ignacio-monte-grande-de-apere-2\\\/#webpage\",\"url\":\"http:\\\/\\\/www.ebc.gob.bo\\\/portal\\\/index.php\\\/2025\\\/06\\\/18\\\/conservacion-vial-del-tramo-bn03-yucumo-san-ignacio-monte-grande-de-apere-2\\\/\",\"name\":\"CONSERVACI\\u00d3N VIAL YUCUMO \\u2013 SAN IGNACIO \\u2013 MONTE GRANDE DE APERE - EBC\",\"description\":\"CONSERVACI\\u00d3N VIAL DEL TRAMO BN03 YUCUMO \\u2013 SAN IGNACIO \\u2013 MONTE GRANDE DE APERE UBICACI\\u00d3N: El proyecto de conservaci\\u00f3n vial corresponde tramo San Ignacio de Moxos CR.RT.F003 \\u2013 Monte Grande del Apere, que pertenece a la Ruta Fundamental N\\u00ba 24 del departamento del Beni. INVERSI\\u00d3N: Bs1.663.609,49. OBJETIVO GENERAL DE LA OBRA: Es garantizar la accesibilidad mediante\",\"inLanguage\":\"es-ES\",\"isPartOf\":{\"@id\":\"http:\\\/\\\/www.ebc.gob.bo\\\/portal\\\/#website\"},\"breadcrumb\":{\"@id\":\"http:\\\/\\\/www.ebc.gob.bo\\\/portal\\\/index.php\\\/2025\\\/06\\\/18\\\/conservacion-vial-del-tramo-bn03-yucumo-san-ignacio-monte-grande-de-apere-2\\\/#breadcrumblist\"},\"author\":{\"@id\":\"http:\\\/\\\/www.ebc.gob.bo\\\/portal\\\/index.php\\\/author\\\/admin\\\/#author\"},\"creator\":{\"@id\":\"http:\\\/\\\/www.ebc.gob.bo\\\/portal\\\/index.php\\\/author\\\/admin\\\/#author\"},\"image\":{\"@type\":\"ImageObject\",\"url\":\"http:\\\/\\\/www.ebc.gob.bo\\\/portal\\\/wp-content\\\/uploads\\\/2025\\\/06\\\/EBC_MOXOS_03-scaled.jpg\",\"@id\":\"http:\\\/\\\/www.ebc.gob.bo\\\/portal\\\/index.php\\\/2025\\\/06\\\/18\\\/conservacion-vial-del-tramo-bn03-yucumo-san-ignacio-monte-grande-de-apere-2\\\/#mainImage\",\"width\":2560,\"height\":1706},\"primaryImageOfPage\":{\"@id\":\"http:\\\/\\\/www.ebc.gob.bo\\\/portal\\\/index.php\\\/2025\\\/06\\\/18\\\/conservacion-vial-del-tramo-bn03-yucumo-san-ignacio-monte-grande-de-apere-2\\\/#mainImage\"},\"datePublished\":\"2025-06-18T11:21:35-04:00\",\"dateModified\":\"2025-06-18T11:24:56-04:00\"},{\"@type\":\"WebSite\",\"@id\":\"http:\\\/\\\/www.ebc.gob.bo\\\/portal\\\/#website\",\"url\":\"http:\\\/\\\/www.ebc.gob.bo\\\/portal\\\/\",\"name\":\"EBC\",\"description\":\"Empresa Estrat\\u00e9gica Boliviana de Construcci\\u00f3n y Conservaci\\u00f3n de Infraestructura Civil\",\"inLanguage\":\"es-ES\",\"publisher\":{\"@id\":\"http:\\\/\\\/www.ebc.gob.bo\\\/portal\\\/#organization\"}}]}\n\t\t<\/script>\n\t\t<!-- All in One SEO -->\n\n","aioseo_head_json":{"title":"CONSERVACI\u00d3N VIAL YUCUMO \u2013 SAN IGNACIO \u2013 MONTE GRANDE DE APERE - EBC","description":"CONSERVACI\u00d3N VIAL DEL TRAMO BN03 YUCUMO \u2013 SAN IGNACIO \u2013 MONTE GRANDE DE APERE UBICACI\u00d3N: El proyecto de conservaci\u00f3n vial corresponde tramo San Ignacio de Moxos CR.RT.F003 \u2013 Monte Grande del Apere, que pertenece a la Ruta Fundamental N\u00ba 24 del departamento del Beni. INVERSI\u00d3N: Bs1.663.609,49. OBJETIVO GENERAL DE LA OBRA: Es garantizar la accesibilidad mediante","canonical_url":"http:\/\/www.ebc.gob.bo\/portal\/index.php\/2025\/06\/18\/conservacion-vial-del-tramo-bn03-yucumo-san-ignacio-monte-grande-de-apere-2\/","robots":"max-image-preview:large","keywords":"","webmasterTools":{"miscellaneous":""},"schema":{"@context":"https:\/\/schema.org","@graph":[{"@type":"BlogPosting","@id":"http:\/\/www.ebc.gob.bo\/portal\/index.php\/2025\/06\/18\/conservacion-vial-del-tramo-bn03-yucumo-san-ignacio-monte-grande-de-apere-2\/#blogposting","name":"CONSERVACI\u00d3N VIAL YUCUMO \u2013 SAN IGNACIO \u2013 MONTE GRANDE DE APERE - EBC","headline":"CONSERVACI\u00d3N VIAL YUCUMO \u2013 SAN IGNACIO \u2013 MONTE GRANDE DE APERE","author":{"@id":"http:\/\/www.ebc.gob.bo\/portal\/index.php\/author\/admin\/#author"},"publisher":{"@id":"http:\/\/www.ebc.gob.bo\/portal\/#organization"},"image":{"@type":"ImageObject","url":"http:\/\/www.ebc.gob.bo\/portal\/wp-content\/uploads\/2025\/06\/EBC_MOXOS_03-scaled.jpg","width":2560,"height":1706},"datePublished":"2025-06-18T11:21:35-04:00","dateModified":"2025-06-18T11:24:56-04:00","inLanguage":"es-ES","mainEntityOfPage":{"@id":"http:\/\/www.ebc.gob.bo\/portal\/index.php\/2025\/06\/18\/conservacion-vial-del-tramo-bn03-yucumo-san-ignacio-monte-grande-de-apere-2\/#webpage"},"isPartOf":{"@id":"http:\/\/www.ebc.gob.bo\/portal\/index.php\/2025\/06\/18\/conservacion-vial-del-tramo-bn03-yucumo-san-ignacio-monte-grande-de-apere-2\/#webpage"},"articleSection":"General, News, Obra Concluida, Galer\u00eda"},{"@type":"BreadcrumbList","@id":"http:\/\/www.ebc.gob.bo\/portal\/index.php\/2025\/06\/18\/conservacion-vial-del-tramo-bn03-yucumo-san-ignacio-monte-grande-de-apere-2\/#breadcrumblist","itemListElement":[{"@type":"ListItem","@id":"http:\/\/www.ebc.gob.bo\/portal#listItem","position":1,"name":"Inicio","item":"http:\/\/www.ebc.gob.bo\/portal","nextItem":{"@type":"ListItem","@id":"http:\/\/www.ebc.gob.bo\/portal\/index.php\/category\/business\/#listItem","name":"Obra Concluida"}},{"@type":"ListItem","@id":"http:\/\/www.ebc.gob.bo\/portal\/index.php\/category\/business\/#listItem","position":2,"name":"Obra Concluida","item":"http:\/\/www.ebc.gob.bo\/portal\/index.php\/category\/business\/","nextItem":{"@type":"ListItem","@id":"http:\/\/www.ebc.gob.bo\/portal\/index.php\/2025\/06\/18\/conservacion-vial-del-tramo-bn03-yucumo-san-ignacio-monte-grande-de-apere-2\/#listItem","name":"CONSERVACI\u00d3N VIAL YUCUMO \u2013 SAN IGNACIO \u2013 MONTE GRANDE DE APERE"},"previousItem":{"@type":"ListItem","@id":"http:\/\/www.ebc.gob.bo\/portal#listItem","name":"Inicio"}},{"@type":"ListItem","@id":"http:\/\/www.ebc.gob.bo\/portal\/index.php\/2025\/06\/18\/conservacion-vial-del-tramo-bn03-yucumo-san-ignacio-monte-grande-de-apere-2\/#listItem","position":3,"name":"CONSERVACI\u00d3N VIAL YUCUMO \u2013 SAN IGNACIO \u2013 MONTE GRANDE DE APERE","previousItem":{"@type":"ListItem","@id":"http:\/\/www.ebc.gob.bo\/portal\/index.php\/category\/business\/#listItem","name":"Obra Concluida"}}]},{"@type":"Organization","@id":"http:\/\/www.ebc.gob.bo\/portal\/#organization","name":"EBC","description":"Empresa Estrat\u00e9gica Boliviana de Construcci\u00f3n y Conservaci\u00f3n de Infraestructura Civil","url":"http:\/\/www.ebc.gob.bo\/portal\/","logo":{"@type":"ImageObject","url":"http:\/\/www.ebc.gob.bo\/portal\/wp-content\/uploads\/2026\/05\/Empresa-Estrategica-Boliviana-1.jpg","@id":"http:\/\/www.ebc.gob.bo\/portal\/index.php\/2025\/06\/18\/conservacion-vial-del-tramo-bn03-yucumo-san-ignacio-monte-grande-de-apere-2\/#organizationLogo","width":1350,"height":204},"image":{"@id":"http:\/\/www.ebc.gob.bo\/portal\/index.php\/2025\/06\/18\/conservacion-vial-del-tramo-bn03-yucumo-san-ignacio-monte-grande-de-apere-2\/#organizationLogo"},"sameAs":["https:\/\/www.facebook.com\/share\/1M1SNLMFT3\/","https:\/\/x.com\/bolivia_ebc?t=fbPl6a1W2RVzjPiUoQjL5w&s=09","https:\/\/www.tiktok.com\/@ebc.bolivia?_t=ZM-8yQy3KsZgng&_r=1"]},{"@type":"Person","@id":"http:\/\/www.ebc.gob.bo\/portal\/index.php\/author\/admin\/#author","url":"http:\/\/www.ebc.gob.bo\/portal\/index.php\/author\/admin\/","name":"EBC"},{"@type":"WebPage","@id":"http:\/\/www.ebc.gob.bo\/portal\/index.php\/2025\/06\/18\/conservacion-vial-del-tramo-bn03-yucumo-san-ignacio-monte-grande-de-apere-2\/#webpage","url":"http:\/\/www.ebc.gob.bo\/portal\/index.php\/2025\/06\/18\/conservacion-vial-del-tramo-bn03-yucumo-san-ignacio-monte-grande-de-apere-2\/","name":"CONSERVACI\u00d3N VIAL YUCUMO \u2013 SAN IGNACIO \u2013 MONTE GRANDE DE APERE - EBC","description":"CONSERVACI\u00d3N VIAL DEL TRAMO BN03 YUCUMO \u2013 SAN IGNACIO \u2013 MONTE GRANDE DE APERE UBICACI\u00d3N: El proyecto de conservaci\u00f3n vial corresponde tramo San Ignacio de Moxos CR.RT.F003 \u2013 Monte Grande del Apere, que pertenece a la Ruta Fundamental N\u00ba 24 del departamento del Beni. INVERSI\u00d3N: Bs1.663.609,49. OBJETIVO GENERAL DE LA OBRA: Es garantizar la accesibilidad mediante","inLanguage":"es-ES","isPartOf":{"@id":"http:\/\/www.ebc.gob.bo\/portal\/#website"},"breadcrumb":{"@id":"http:\/\/www.ebc.gob.bo\/portal\/index.php\/2025\/06\/18\/conservacion-vial-del-tramo-bn03-yucumo-san-ignacio-monte-grande-de-apere-2\/#breadcrumblist"},"author":{"@id":"http:\/\/www.ebc.gob.bo\/portal\/index.php\/author\/admin\/#author"},"creator":{"@id":"http:\/\/www.ebc.gob.bo\/portal\/index.php\/author\/admin\/#author"},"image":{"@type":"ImageObject","url":"http:\/\/www.ebc.gob.bo\/portal\/wp-content\/uploads\/2025\/06\/EBC_MOXOS_03-scaled.jpg","@id":"http:\/\/www.ebc.gob.bo\/portal\/index.php\/2025\/06\/18\/conservacion-vial-del-tramo-bn03-yucumo-san-ignacio-monte-grande-de-apere-2\/#mainImage","width":2560,"height":1706},"primaryImageOfPage":{"@id":"http:\/\/www.ebc.gob.bo\/portal\/index.php\/2025\/06\/18\/conservacion-vial-del-tramo-bn03-yucumo-san-ignacio-monte-grande-de-apere-2\/#mainImage"},"datePublished":"2025-06-18T11:21:35-04:00","dateModified":"2025-06-18T11:24:56-04:00"},{"@type":"WebSite","@id":"http:\/\/www.ebc.gob.bo\/portal\/#website","url":"http:\/\/www.ebc.gob.bo\/portal\/","name":"EBC","description":"Empresa Estrat\u00e9gica Boliviana de Construcci\u00f3n y Conservaci\u00f3n de Infraestructura Civil","inLanguage":"es-ES","publisher":{"@id":"http:\/\/www.ebc.gob.bo\/portal\/#organization"}}]},"og:locale":"es_ES","og:site_name":"EBC - Empresa Estrat\u00e9gica Boliviana de Construcci\u00f3n y Conservaci\u00f3n de Infraestructura Civil","og:type":"article","og:title":"CONSERVACI\u00d3N VIAL YUCUMO \u2013 SAN IGNACIO \u2013 MONTE GRANDE DE APERE - EBC","og:description":"CONSERVACI\u00d3N VIAL DEL TRAMO BN03 YUCUMO \u2013 SAN IGNACIO \u2013 MONTE GRANDE DE APERE UBICACI\u00d3N: El proyecto de conservaci\u00f3n vial corresponde tramo San Ignacio de Moxos CR.RT.F003 \u2013 Monte Grande del Apere, que pertenece a la Ruta Fundamental N\u00ba 24 del departamento del Beni. INVERSI\u00d3N: Bs1.663.609,49. OBJETIVO GENERAL DE LA OBRA: Es garantizar la accesibilidad mediante","og:url":"http:\/\/www.ebc.gob.bo\/portal\/index.php\/2025\/06\/18\/conservacion-vial-del-tramo-bn03-yucumo-san-ignacio-monte-grande-de-apere-2\/","og:image":"http:\/\/www.ebc.gob.bo\/portal\/wp-content\/uploads\/2025\/06\/EBC_MOXOS_03-scaled.jpg","og:image:width":2560,"og:image:height":1706,"article:published_time":"2025-06-18T15:21:35+00:00","article:modified_time":"2025-06-18T15:24:56+00:00","article:publisher":"https:\/\/www.facebook.com\/share\/1M1SNLMFT3\/","twitter:card":"summary_large_image","twitter:site":"@bolivia_ebc","twitter:title":"CONSERVACI\u00d3N VIAL YUCUMO \u2013 SAN IGNACIO \u2013 MONTE GRANDE DE APERE - EBC","twitter:description":"CONSERVACI\u00d3N VIAL DEL TRAMO BN03 YUCUMO \u2013 SAN IGNACIO \u2013 MONTE GRANDE DE APERE UBICACI\u00d3N: El proyecto de conservaci\u00f3n vial corresponde tramo San Ignacio de Moxos CR.RT.F003 \u2013 Monte Grande del Apere, que pertenece a la Ruta Fundamental N\u00ba 24 del departamento del Beni. INVERSI\u00d3N: Bs1.663.609,49. OBJETIVO GENERAL DE LA OBRA: Es garantizar la accesibilidad mediante","twitter:creator":"@bolivia_ebc","twitter:image":"http:\/\/www.ebc.gob.bo\/portal\/wp-content\/uploads\/2025\/06\/EBC_MOXOS_03-scaled.jpg"},"aioseo_meta_data":{"post_id":"2383","title":null,"description":null,"keywords":null,"keyphrases":{"focus":{"keyphrase":"","score":0,"analysis":{"keyphraseInTitle":{"score":0,"maxScore":9,"error":1}}},"additional":[]},"primary_term":null,"canonical_url":null,"og_title":null,"og_description":null,"og_object_type":"default","og_image_type":"default","og_image_url":null,"og_image_width":null,"og_image_height":null,"og_image_custom_url":null,"og_image_custom_fields":null,"og_video":"","og_custom_url":null,"og_article_section":null,"og_article_tags":null,"twitter_use_og":false,"twitter_card":"default","twitter_image_type":"default","twitter_image_url":null,"twitter_image_custom_url":null,"twitter_image_custom_fields":null,"twitter_title":null,"twitter_description":null,"schema":{"blockGraphs":[],"customGraphs":[],"default":{"data":{"Article":[],"Course":[],"Dataset":[],"FAQPage":[],"Movie":[],"Person":[],"Product":[],"ProductReview":[],"Car":[],"Recipe":[],"Service":[],"SoftwareApplication":[],"WebPage":[]},"graphName":"BlogPosting","isEnabled":true},"graphs":[]},"schema_type":"default","schema_type_options":null,"pillar_content":false,"robots_default":true,"robots_noindex":false,"robots_noarchive":false,"robots_nosnippet":false,"robots_nofollow":false,"robots_noimageindex":false,"robots_noodp":false,"robots_notranslate":false,"robots_max_snippet":"-1","robots_max_videopreview":"-1","robots_max_imagepreview":"large","priority":null,"frequency":"default","local_seo":null,"breadcrumb_settings":null,"limit_modified_date":false,"ai":null,"created":"2024-02-21 21:56:25","updated":"2026-04-26 08:53:07","focus_keyword":null,"additional_keywords":null,"truseo_locale":null,"seo_analyzer_scan_date":null},"aioseo_breadcrumb":"<div class=\"aioseo-breadcrumbs\"><span class=\"aioseo-breadcrumb\">\n\t\t\t<a href=\"http:\/\/www.ebc.gob.bo\/portal\" title=\"Inicio\">Inicio<\/a>\n\t\t<\/span><span class=\"aioseo-breadcrumb-separator\">&raquo;<\/span><span class=\"aioseo-breadcrumb\">\n\t\t\t<a href=\"http:\/\/www.ebc.gob.bo\/portal\/index.php\/category\/business\/\" title=\"Obra Concluida\">Obra Concluida<\/a>\n\t\t<\/span><span class=\"aioseo-breadcrumb-separator\">&raquo;<\/span><span class=\"aioseo-breadcrumb\">\n\t\t\tCONSERVACI\u00d3N VIAL YUCUMO \u2013 SAN IGNACIO \u2013 MONTE GRANDE DE APERE\n\t\t<\/span><\/div>","aioseo_breadcrumb_json":[{"label":"Inicio","link":"http:\/\/www.ebc.gob.bo\/portal"},{"label":"Obra Concluida","link":"http:\/\/www.ebc.gob.bo\/portal\/index.php\/category\/business\/"},{"label":"CONSERVACI\u00d3N VIAL YUCUMO \u2013 SAN IGNACIO \u2013 MONTE GRANDE DE APERE","link":"http:\/\/www.ebc.gob.bo\/portal\/index.php\/2025\/06\/18\/conservacion-vial-del-tramo-bn03-yucumo-san-ignacio-monte-grande-de-apere-2\/"}],"_links":{"self":[{"href":"http:\/\/www.ebc.gob.bo\/portal\/index.php\/wp-json\/wp\/v2\/posts\/2383","targetHints":{"allow":["GET"]}}],"collection":[{"href":"http:\/\/www.ebc.gob.bo\/portal\/index.php\/wp-json\/wp\/v2\/posts"}],"about":[{"href":"http:\/\/www.ebc.gob.bo\/portal\/index.php\/wp-json\/wp\/v2\/types\/post"}],"author":[{"embeddable":true,"href":"http:\/\/www.ebc.gob.bo\/portal\/index.php\/wp-json\/wp\/v2\/users\/1"}],"replies":[{"embeddable":true,"href":"http:\/\/www.ebc.gob.bo\/portal\/index.php\/wp-json\/wp\/v2\/comments?post=2383"}],"version-history":[{"count":4,"href":"http:\/\/www.ebc.gob.bo\/portal\/index.php\/wp-json\/wp\/v2\/posts\/2383\/revisions"}],"predecessor-version":[{"id":5563,"href":"http:\/\/www.ebc.gob.bo\/portal\/index.php\/wp-json\/wp\/v2\/posts\/2383\/revisions\/5563"}],"wp:featuredmedia":[{"embeddable":true,"href":"http:\/\/www.ebc.gob.bo\/portal\/index.php\/wp-json\/wp\/v2\/media\/5564"}],"wp:attachment":[{"href":"http:\/\/www.ebc.gob.bo\/portal\/index.php\/wp-json\/wp\/v2\/media?parent=2383"}],"wp:term":[{"taxonomy":"category","embeddable":true,"href":"http:\/\/www.ebc.gob.bo\/portal\/index.php\/wp-json\/wp\/v2\/categories?post=2383"},{"taxonomy":"post_tag","embeddable":true,"href":"http:\/\/www.ebc.gob.bo\/portal\/index.php\/wp-json\/wp\/v2\/tags?post=2383"}],"curies":[{"name":"wp","href":"https:\/\/api.w.org\/{rel}","templated":true}]}}