{"id":2811,"date":"2024-04-12T07:59:00","date_gmt":"2024-04-12T11:59:00","guid":{"rendered":"https:\/\/www.ebc.gob.bo\/portal\/?p=2811"},"modified":"2024-11-25T17:36:20","modified_gmt":"2024-11-25T21:36:20","slug":"construccion-y-rehabilitacion-tramo-carretero-villa-montes-la-vertiente-palo-marcado","status":"publish","type":"post","link":"http:\/\/www.ebc.gob.bo\/portal\/index.php\/2024\/04\/12\/construccion-y-rehabilitacion-tramo-carretero-villa-montes-la-vertiente-palo-marcado\/","title":{"rendered":"CARRETERA VILLA MONTES &#8211; LA VERTIENTE &#8211; PALO MARCADO"},"content":{"rendered":"\n<div class=\"alignnormal\"><div id=\"metaslider-id-2791\" style=\"width: 100%;\" class=\"ml-slider-3-111-2 metaslider metaslider-flex metaslider-2791 ml-slider has-dots-nav ms-theme-default\" role=\"region\" aria-label=\"Villa Montes final\" data-height=\"322\" data-width=\"750\">\n    <div id=\"metaslider_container_2791\">\n        <div id=\"metaslider_2791\">\n            <ul class='slides'>\n                <li style=\"display: block; width: 100%;\" class=\"slide-3819 ms-image \" aria-roledescription=\"slide\" data-date=\"2024-08-28 17:07:50\" data-filename=\"0-750x322.jpg\" data-slide-type=\"image\"><img fetchpriority=\"high\" decoding=\"async\" src=\"http:\/\/www.ebc.gob.bo\/portal\/wp-content\/uploads\/2024\/08\/0-750x322.jpg\" height=\"322\" width=\"750\" alt=\"\" class=\"slider-2791 slide-3819 msDefaultImage\" title=\"0\" \/><\/li>\n                <li style=\"display: none; width: 100%;\" class=\"slide-3820 ms-image \" aria-roledescription=\"slide\" data-date=\"2024-08-28 17:07:51\" data-filename=\"1-750x322.jpg\" data-slide-type=\"image\"><img decoding=\"async\" src=\"http:\/\/www.ebc.gob.bo\/portal\/wp-content\/uploads\/2024\/08\/1-750x322.jpg\" height=\"322\" width=\"750\" alt=\"\" class=\"slider-2791 slide-3820 msDefaultImage\" title=\"1\" \/><\/li>\n                <li style=\"display: none; width: 100%;\" class=\"slide-3821 ms-image \" aria-roledescription=\"slide\" data-date=\"2024-08-28 17:07:53\" data-filename=\"2-2-750x322.jpg\" data-slide-type=\"image\"><img decoding=\"async\" src=\"http:\/\/www.ebc.gob.bo\/portal\/wp-content\/uploads\/2024\/08\/2-2-750x322.jpg\" height=\"322\" width=\"750\" alt=\"\" class=\"slider-2791 slide-3821 msDefaultImage\" title=\"2\" \/><\/li>\n                <li style=\"display: none; width: 100%;\" class=\"slide-3822 ms-image \" aria-roledescription=\"slide\" data-date=\"2024-08-28 17:07:54\" data-filename=\"3-2-750x322.jpg\" data-slide-type=\"image\"><img loading=\"lazy\" decoding=\"async\" src=\"http:\/\/www.ebc.gob.bo\/portal\/wp-content\/uploads\/2024\/08\/3-2-750x322.jpg\" height=\"322\" width=\"750\" alt=\"\" class=\"slider-2791 slide-3822 msDefaultImage\" title=\"3\" \/><\/li>\n                <li style=\"display: none; width: 100%;\" class=\"slide-3823 ms-image \" aria-roledescription=\"slide\" data-date=\"2024-08-28 17:07:55\" data-filename=\"4-2-750x322.jpg\" data-slide-type=\"image\"><img loading=\"lazy\" decoding=\"async\" src=\"http:\/\/www.ebc.gob.bo\/portal\/wp-content\/uploads\/2024\/08\/4-2-750x322.jpg\" height=\"322\" width=\"750\" alt=\"\" class=\"slider-2791 slide-3823 msDefaultImage\" title=\"4\" \/><\/li>\n                <li style=\"display: none; width: 100%;\" class=\"slide-3824 ms-image \" aria-roledescription=\"slide\" data-date=\"2024-08-28 17:07:56\" data-filename=\"5-2-750x322.jpg\" data-slide-type=\"image\"><img loading=\"lazy\" decoding=\"async\" src=\"http:\/\/www.ebc.gob.bo\/portal\/wp-content\/uploads\/2024\/08\/5-2-750x322.jpg\" height=\"322\" width=\"750\" alt=\"\" class=\"slider-2791 slide-3824 msDefaultImage\" title=\"5\" \/><\/li>\n                <li style=\"display: none; width: 100%;\" class=\"slide-3825 ms-image \" aria-roledescription=\"slide\" data-date=\"2024-08-28 17:07:57\" data-filename=\"6-2-750x322.jpg\" data-slide-type=\"image\"><img loading=\"lazy\" decoding=\"async\" src=\"http:\/\/www.ebc.gob.bo\/portal\/wp-content\/uploads\/2024\/08\/6-2-750x322.jpg\" height=\"322\" width=\"750\" alt=\"\" class=\"slider-2791 slide-3825 msDefaultImage\" title=\"6\" \/><\/li>\n                <li style=\"display: none; width: 100%;\" class=\"slide-3826 ms-image \" aria-roledescription=\"slide\" data-date=\"2024-08-28 17:07:58\" data-filename=\"7-2-750x322.jpg\" data-slide-type=\"image\"><img loading=\"lazy\" decoding=\"async\" src=\"http:\/\/www.ebc.gob.bo\/portal\/wp-content\/uploads\/2024\/08\/7-2-750x322.jpg\" height=\"322\" width=\"750\" alt=\"\" class=\"slider-2791 slide-3826 msDefaultImage\" title=\"7\" \/><\/li>\n                <li style=\"display: none; width: 100%;\" class=\"slide-3827 ms-image \" aria-roledescription=\"slide\" data-date=\"2024-08-28 17:07:59\" data-filename=\"8-2-750x322.jpg\" data-slide-type=\"image\"><img loading=\"lazy\" decoding=\"async\" src=\"http:\/\/www.ebc.gob.bo\/portal\/wp-content\/uploads\/2024\/08\/8-2-750x322.jpg\" height=\"322\" width=\"750\" alt=\"\" class=\"slider-2791 slide-3827 msDefaultImage\" title=\"8\" \/><\/li>\n                <li style=\"display: none; width: 100%;\" class=\"slide-3828 ms-image \" aria-roledescription=\"slide\" data-date=\"2024-08-28 17:08:00\" data-filename=\"9-2-750x322.jpg\" data-slide-type=\"image\"><img loading=\"lazy\" decoding=\"async\" src=\"http:\/\/www.ebc.gob.bo\/portal\/wp-content\/uploads\/2024\/08\/9-2-750x322.jpg\" height=\"322\" width=\"750\" alt=\"\" class=\"slider-2791 slide-3828 msDefaultImage\" title=\"9\" \/><\/li>\n                <li style=\"display: none; width: 100%;\" class=\"slide-3829 ms-image \" aria-roledescription=\"slide\" data-date=\"2024-08-28 17:08:01\" data-filename=\"10-2-750x322.jpg\" data-slide-type=\"image\"><img loading=\"lazy\" decoding=\"async\" src=\"http:\/\/www.ebc.gob.bo\/portal\/wp-content\/uploads\/2024\/08\/10-2-750x322.jpg\" height=\"322\" width=\"750\" alt=\"\" class=\"slider-2791 slide-3829 msDefaultImage\" title=\"10\" \/><\/li>\n                <li style=\"display: none; width: 100%;\" class=\"slide-3830 ms-image \" aria-roledescription=\"slide\" data-date=\"2024-08-28 17:08:02\" data-filename=\"11-2-750x322.jpg\" data-slide-type=\"image\"><img loading=\"lazy\" decoding=\"async\" src=\"http:\/\/www.ebc.gob.bo\/portal\/wp-content\/uploads\/2024\/08\/11-2-750x322.jpg\" height=\"322\" width=\"750\" alt=\"\" class=\"slider-2791 slide-3830 msDefaultImage\" title=\"11\" \/><\/li>\n                <li style=\"display: none; width: 100%;\" class=\"slide-3831 ms-image \" aria-roledescription=\"slide\" data-date=\"2024-08-28 17:08:03\" data-filename=\"12-2-750x322.jpg\" data-slide-type=\"image\"><img loading=\"lazy\" decoding=\"async\" src=\"http:\/\/www.ebc.gob.bo\/portal\/wp-content\/uploads\/2024\/08\/12-2-750x322.jpg\" height=\"322\" width=\"750\" alt=\"\" class=\"slider-2791 slide-3831 msDefaultImage\" title=\"12\" \/><\/li>\n                <li style=\"display: none; width: 100%;\" class=\"slide-3832 ms-image \" aria-roledescription=\"slide\" data-date=\"2024-08-28 17:08:04\" data-filename=\"14-1-750x322.jpg\" data-slide-type=\"image\"><img loading=\"lazy\" decoding=\"async\" src=\"http:\/\/www.ebc.gob.bo\/portal\/wp-content\/uploads\/2024\/08\/14-1-750x322.jpg\" height=\"322\" width=\"750\" alt=\"\" class=\"slider-2791 slide-3832 msDefaultImage\" title=\"14\" \/><\/li>\n                <li style=\"display: none; width: 100%;\" class=\"slide-3833 ms-image \" aria-roledescription=\"slide\" data-date=\"2024-08-28 17:08:05\" data-filename=\"15-750x322.jpg\" data-slide-type=\"image\"><img loading=\"lazy\" decoding=\"async\" src=\"http:\/\/www.ebc.gob.bo\/portal\/wp-content\/uploads\/2024\/08\/15-750x322.jpg\" height=\"322\" width=\"750\" alt=\"\" class=\"slider-2791 slide-3833 msDefaultImage\" title=\"15\" \/><\/li>\n            <\/ul>\n        <\/div>\n        \n    <\/div>\n<\/div><\/div>\n\n\n<h6><strong>CONSTRUCCI\u00d3N Y REHABILITACI\u00d3N TRAMO CARRETERO VILLA MONTES -LA VERTIENTE &#8211; PALO MARCADO<\/strong><\/h6>\n<h6 style=\"text-align: justify;\"><strong>UBICACI\u00d3N:<\/strong><\/h6>\n<h6 style=\"text-align: justify;\">Se encuentra ubicado al sur del pa\u00eds en el departamento de Tarija y es parte de la Red Vial Fundamental que conecta a Cruce Ruta N\u00ba F1 (Tarija) \u2013 Cruce Ruta N\u00ba F9 (San Antonio Nuevo, Villa Montes), as\u00ed como la ruta internacional, con la Rep\u00fablica del Paraguay.<\/h6>\n<h6 style=\"text-align: justify;\"><strong>OBJETIVO: <\/strong><\/h6>\n<h6 style=\"text-align: justify;\">El objetivo principal de la construcci\u00f3n y rehabilitaci\u00f3n tramo carretero Villa Montes &#8211; La Vertiente &#8211; Palo Marcado es de mejorar la infraestructura de la carretera para garantizar la seguridad de los usuarios, adem\u00e1s de prolongar su vida \u00fatil.<\/h6>\n<h6 style=\"text-align: justify;\"><strong>INVERSI\u00d3N:\u00a0<\/strong>Bs106.631.000,67.\u00a0<\/h6>\n<h6><strong>ESTADO DE LA OBRA:\u00a0<\/strong>Entregada el 12 de abril de 2024 por el <strong>Presidente Luis Arce Catacora.<\/strong><\/h6>\n<h6 style=\"text-align: justify;\"><strong>ENTIDAD CONTRATANTE:\u00a0<\/strong>Administradora Boliviana de Carreteras \u2013 ABC.<\/h6>\n<h6 style=\"text-align: justify;\"><strong>CARACTER\u00cdSTICAS DE LA OBRA:<\/strong><\/h6>\n<h6 style=\"text-align: justify;\">Se alcanz\u00f3 a:<\/h6>\n<ul style=\"text-align: justify;\">\n<li>\n<h6>Perfilado de Taludes de terrapl\u00e9n y corte en el \u00e1rea de construcci\u00f3n<\/h6>\n<\/li>\n<li>\n<h6>Reconformar la capa sub-base de 21.4 km.<\/h6>\n<\/li>\n<li>\n<h6>Conformaci\u00f3n de capa base 20.39 Km.<\/h6>\n<\/li>\n<li>\n<h6>Imprimaci\u00f3n bituminosa Carril Derecho 20.36 Km.<\/h6>\n<\/li>\n<li>\n<h6>Imprimaci\u00f3n bituminosa Carril Izquierdo 19.96 Km.<\/h6>\n<\/li>\n<li>\n<h6>Ejecuci\u00f3n de concreto asf\u00e1ltico Carril Derecho 18.38 Km.<\/h6>\n<\/li>\n<li>\n<h6>Ejecuci\u00f3n de concreto asf\u00e1ltico Carril Izquierdo 16.55 Km.<\/h6>\n<\/li>\n<li>\n<h6>Colocado de geomalla de fibra de vidrio<\/h6>\n<\/li>\n<li>\n<h6>Colocado de geomalla triaxial de refuerzo a nivel subrasante 0.85 Km.<\/h6>\n<\/li>\n<li>\n<h6>Colocado de geomalla de refuerzo 0.20 Km.<\/h6>\n<\/li>\n<li>\n<h6>Construcci\u00f3n de 5 alcantarillas tipo caj\u00f3n de hormig\u00f3n armado.<\/h6>\n<\/li>\n<li>\n<h6>Dise\u00f1o y ejecuci\u00f3n de los cinco (5) accesos del proyecto.<\/h6>\n<\/li>\n<li>\n<h6>Sellado de fisuras y grietas 178.18 Km.<\/h6>\n<\/li>\n<li>\n<h6>Reparaci\u00f3n de Baches<\/h6>\n<\/li>\n<li>\n<h6>Ejecuci\u00f3n de slurry primera aplicaci\u00f3n Carril Derecho 12.86 Km.<\/h6>\n<\/li>\n<li>\n<h6>Ejecuci\u00f3n de slurry primera aplicaci\u00f3n carril izquierdo 12.08 Km.<\/h6>\n<\/li>\n<li>\n<h6>Ejecuci\u00f3n de cord\u00f3n cuneta 3.69 Km.<\/h6>\n<\/li>\n<li>\n<h6>Ejecuci\u00f3n de defensas laterales 17.39 Km.<\/h6>\n<\/li>\n<li>\n<h6>Remoci\u00f3n de tachas existentes 1126 Piezas<\/h6>\n<\/li>\n<li>\n<h6>Limpieza de las cunetas y encausamiento de las alcantarillas del tramo, garantizando minimizar cualquier contratiempo en las obras en la \u00e9poca de lluvias.<\/h6>\n<\/li>\n<li>\n<h6>Suministro 1.597,00 toneladas de asfalto modificado con pol\u00edmeros PG 82-16, al igual de 50,00 toneladas de asfalto convencional para la preparaci\u00f3n de asfalto diluido.<\/h6>\n<\/li>\n<\/ul>\n<h6 style=\"text-align: justify;\"><strong>IMPACTO:<\/strong><\/h6>\n<h6 style=\"text-align: justify;\">El proyecto tiene gran impacto en la integraci\u00f3n de Villa Montes a la red caminera del pa\u00eds; tiene un impacto en el tema de seguridad vial garantizando un flujo de transporte m\u00e1s fluido, permitiendo el transporte de pasajeros en tiempo oportuno y sobre todo viajes seguros, reduciendo accidentes de tr\u00e1nsito, as\u00ed protegiendo la vida de los conductores, pasajeros y peatones, permitiendo mejorar el turismo y comercio local, mejorando la calidad de vida de los estantes y habitantes del sector, permitiendo acceder a servicios b\u00e1sicos, como atenci\u00f3n m\u00e9dica, educaci\u00f3n y actividades culturales.<\/h6>\n<p style=\"text-align: justify;\">\u00a0<\/p>","protected":false},"excerpt":{"rendered":"<p>CONSTRUCCI\u00d3N Y REHABILITACI\u00d3N TRAMO CARRETERO VILLA MONTES -LA VERTIENTE &#8211; PALO MARCADO UBICACI\u00d3N: Se encuentra ubicado al sur del pa\u00eds<\/p>\n","protected":false},"author":1,"featured_media":2792,"comment_status":"closed","ping_status":"closed","sticky":false,"template":"","format":"gallery","meta":{"colormag_page_layout":"no_sidebar_content_centered","_joinchat":[],"footnotes":""},"categories":[10,2],"tags":[],"class_list":["post-2811","post","type-post","status-publish","format-gallery","has-post-thumbnail","hentry","category-general","category-business","post_format-post-format-gallery"],"aioseo_notices":[],"aioseo_head":"\n\t\t<!-- All in One SEO 5.0.1.1 - aioseo.com -->\n\t<meta name=\"description\" content=\"CONSTRUCCI\u00d3N Y REHABILITACI\u00d3N TRAMO CARRETERO VILLA MONTES -LA VERTIENTE - PALO MARCADO UBICACI\u00d3N: Se encuentra ubicado al sur del pa\u00eds en el departamento de Tarija y es parte de la Red Vial Fundamental que conecta a Cruce Ruta N\u00ba F1 (Tarija) \u2013 Cruce Ruta N\u00ba F9 (San Antonio Nuevo, Villa Montes), as\u00ed como la ruta\" \/>\n\t<meta name=\"robots\" content=\"max-image-preview:large\" \/>\n\t<meta name=\"author\" content=\"EBC\"\/>\n\t<link rel=\"canonical\" href=\"http:\/\/www.ebc.gob.bo\/portal\/index.php\/2024\/04\/12\/construccion-y-rehabilitacion-tramo-carretero-villa-montes-la-vertiente-palo-marcado\/\" \/>\n\t<meta name=\"generator\" content=\"All in One SEO (AIOSEO) 5.0.1.1\" \/>\n\t\t<meta property=\"og:locale\" content=\"es_ES\" \/>\n\t\t<meta property=\"og:site_name\" content=\"EBC - Empresa Estrat\u00e9gica Boliviana de Construcci\u00f3n y Conservaci\u00f3n de Infraestructura Civil\" \/>\n\t\t<meta property=\"og:type\" content=\"article\" \/>\n\t\t<meta property=\"og:title\" content=\"CARRETERA VILLA MONTES \u2013 LA VERTIENTE \u2013 PALO MARCADO - EBC\" \/>\n\t\t<meta property=\"og:description\" content=\"CONSTRUCCI\u00d3N Y REHABILITACI\u00d3N TRAMO CARRETERO VILLA MONTES -LA VERTIENTE - PALO MARCADO UBICACI\u00d3N: Se encuentra ubicado al sur del pa\u00eds en el departamento de Tarija y es parte de la Red Vial Fundamental que conecta a Cruce Ruta N\u00ba F1 (Tarija) \u2013 Cruce Ruta N\u00ba F9 (San Antonio Nuevo, Villa Montes), as\u00ed como la ruta\" \/>\n\t\t<meta property=\"og:url\" content=\"http:\/\/www.ebc.gob.bo\/portal\/index.php\/2024\/04\/12\/construccion-y-rehabilitacion-tramo-carretero-villa-montes-la-vertiente-palo-marcado\/\" \/>\n\t\t<meta property=\"og:image\" content=\"http:\/\/www.ebc.gob.bo\/portal\/wp-content\/uploads\/2024\/04\/1-scaled.jpg\" \/>\n\t\t<meta property=\"og:image:width\" content=\"2560\" \/>\n\t\t<meta property=\"og:image:height\" content=\"1440\" \/>\n\t\t<meta property=\"article:published_time\" content=\"2024-04-12T11:59:00+00:00\" \/>\n\t\t<meta property=\"article:modified_time\" content=\"2024-11-25T21:36:20+00:00\" \/>\n\t\t<meta property=\"article:publisher\" content=\"https:\/\/www.facebook.com\/share\/1M1SNLMFT3\/\" \/>\n\t\t<meta name=\"twitter:card\" content=\"summary_large_image\" \/>\n\t\t<meta name=\"twitter:site\" content=\"@bolivia_ebc\" \/>\n\t\t<meta name=\"twitter:title\" content=\"CARRETERA VILLA MONTES \u2013 LA VERTIENTE \u2013 PALO MARCADO - EBC\" \/>\n\t\t<meta name=\"twitter:description\" content=\"CONSTRUCCI\u00d3N Y REHABILITACI\u00d3N TRAMO CARRETERO VILLA MONTES -LA VERTIENTE - PALO MARCADO UBICACI\u00d3N: Se encuentra ubicado al sur del pa\u00eds en el departamento de Tarija y es parte de la Red Vial Fundamental que conecta a Cruce Ruta N\u00ba F1 (Tarija) \u2013 Cruce Ruta N\u00ba F9 (San Antonio Nuevo, Villa Montes), as\u00ed como la ruta\" \/>\n\t\t<meta name=\"twitter:creator\" content=\"@bolivia_ebc\" \/>\n\t\t<meta name=\"twitter:image\" content=\"http:\/\/www.ebc.gob.bo\/portal\/wp-content\/uploads\/2024\/04\/1-scaled.jpg\" \/>\n\t\t<script type=\"application\/ld+json\" class=\"aioseo-schema\">\n\t\t\t{\"@context\":\"https:\\\/\\\/schema.org\",\"@graph\":[{\"@type\":\"BlogPosting\",\"@id\":\"http:\\\/\\\/www.ebc.gob.bo\\\/portal\\\/index.php\\\/2024\\\/04\\\/12\\\/construccion-y-rehabilitacion-tramo-carretero-villa-montes-la-vertiente-palo-marcado\\\/#blogposting\",\"name\":\"CARRETERA VILLA MONTES \\u2013 LA VERTIENTE \\u2013 PALO MARCADO - EBC\",\"headline\":\"CARRETERA VILLA MONTES &#8211; LA VERTIENTE &#8211; PALO MARCADO\",\"author\":{\"@id\":\"http:\\\/\\\/www.ebc.gob.bo\\\/portal\\\/index.php\\\/author\\\/admin\\\/#author\"},\"publisher\":{\"@id\":\"http:\\\/\\\/www.ebc.gob.bo\\\/portal\\\/#organization\"},\"image\":{\"@type\":\"ImageObject\",\"url\":\"http:\\\/\\\/www.ebc.gob.bo\\\/portal\\\/wp-content\\\/uploads\\\/2024\\\/04\\\/1-scaled.jpg\",\"width\":2560,\"height\":1440},\"datePublished\":\"2024-04-12T07:59:00-04:00\",\"dateModified\":\"2024-11-25T17:36:20-04:00\",\"inLanguage\":\"es-ES\",\"mainEntityOfPage\":{\"@id\":\"http:\\\/\\\/www.ebc.gob.bo\\\/portal\\\/index.php\\\/2024\\\/04\\\/12\\\/construccion-y-rehabilitacion-tramo-carretero-villa-montes-la-vertiente-palo-marcado\\\/#webpage\"},\"isPartOf\":{\"@id\":\"http:\\\/\\\/www.ebc.gob.bo\\\/portal\\\/index.php\\\/2024\\\/04\\\/12\\\/construccion-y-rehabilitacion-tramo-carretero-villa-montes-la-vertiente-palo-marcado\\\/#webpage\"},\"articleSection\":\"General, Obra Concluida, Galer\\u00eda\"},{\"@type\":\"BreadcrumbList\",\"@id\":\"http:\\\/\\\/www.ebc.gob.bo\\\/portal\\\/index.php\\\/2024\\\/04\\\/12\\\/construccion-y-rehabilitacion-tramo-carretero-villa-montes-la-vertiente-palo-marcado\\\/#breadcrumblist\",\"itemListElement\":[{\"@type\":\"ListItem\",\"@id\":\"http:\\\/\\\/www.ebc.gob.bo\\\/portal#listItem\",\"position\":1,\"name\":\"Inicio\",\"item\":\"http:\\\/\\\/www.ebc.gob.bo\\\/portal\",\"nextItem\":{\"@type\":\"ListItem\",\"@id\":\"http:\\\/\\\/www.ebc.gob.bo\\\/portal\\\/index.php\\\/category\\\/business\\\/#listItem\",\"name\":\"Obra Concluida\"}},{\"@type\":\"ListItem\",\"@id\":\"http:\\\/\\\/www.ebc.gob.bo\\\/portal\\\/index.php\\\/category\\\/business\\\/#listItem\",\"position\":2,\"name\":\"Obra Concluida\",\"item\":\"http:\\\/\\\/www.ebc.gob.bo\\\/portal\\\/index.php\\\/category\\\/business\\\/\",\"nextItem\":{\"@type\":\"ListItem\",\"@id\":\"http:\\\/\\\/www.ebc.gob.bo\\\/portal\\\/index.php\\\/2024\\\/04\\\/12\\\/construccion-y-rehabilitacion-tramo-carretero-villa-montes-la-vertiente-palo-marcado\\\/#listItem\",\"name\":\"CARRETERA VILLA MONTES &#8211; LA VERTIENTE &#8211; PALO MARCADO\"},\"previousItem\":{\"@type\":\"ListItem\",\"@id\":\"http:\\\/\\\/www.ebc.gob.bo\\\/portal#listItem\",\"name\":\"Inicio\"}},{\"@type\":\"ListItem\",\"@id\":\"http:\\\/\\\/www.ebc.gob.bo\\\/portal\\\/index.php\\\/2024\\\/04\\\/12\\\/construccion-y-rehabilitacion-tramo-carretero-villa-montes-la-vertiente-palo-marcado\\\/#listItem\",\"position\":3,\"name\":\"CARRETERA VILLA MONTES &#8211; LA VERTIENTE &#8211; PALO MARCADO\",\"previousItem\":{\"@type\":\"ListItem\",\"@id\":\"http:\\\/\\\/www.ebc.gob.bo\\\/portal\\\/index.php\\\/category\\\/business\\\/#listItem\",\"name\":\"Obra Concluida\"}}]},{\"@type\":\"Organization\",\"@id\":\"http:\\\/\\\/www.ebc.gob.bo\\\/portal\\\/#organization\",\"name\":\"EBC\",\"description\":\"Empresa Estrat\\u00e9gica Boliviana de Construcci\\u00f3n y Conservaci\\u00f3n de Infraestructura Civil\",\"url\":\"http:\\\/\\\/www.ebc.gob.bo\\\/portal\\\/\",\"logo\":{\"@type\":\"ImageObject\",\"url\":\"http:\\\/\\\/www.ebc.gob.bo\\\/portal\\\/wp-content\\\/uploads\\\/2026\\\/05\\\/Empresa-Estrategica-Boliviana-1.jpg\",\"@id\":\"http:\\\/\\\/www.ebc.gob.bo\\\/portal\\\/index.php\\\/2024\\\/04\\\/12\\\/construccion-y-rehabilitacion-tramo-carretero-villa-montes-la-vertiente-palo-marcado\\\/#organizationLogo\",\"width\":1350,\"height\":204},\"image\":{\"@id\":\"http:\\\/\\\/www.ebc.gob.bo\\\/portal\\\/index.php\\\/2024\\\/04\\\/12\\\/construccion-y-rehabilitacion-tramo-carretero-villa-montes-la-vertiente-palo-marcado\\\/#organizationLogo\"},\"sameAs\":[\"https:\\\/\\\/www.facebook.com\\\/share\\\/1M1SNLMFT3\\\/\",\"https:\\\/\\\/x.com\\\/bolivia_ebc?t=fbPl6a1W2RVzjPiUoQjL5w&s=09\",\"https:\\\/\\\/www.tiktok.com\\\/@ebc.bolivia?_t=ZM-8yQy3KsZgng&_r=1\"]},{\"@type\":\"Person\",\"@id\":\"http:\\\/\\\/www.ebc.gob.bo\\\/portal\\\/index.php\\\/author\\\/admin\\\/#author\",\"url\":\"http:\\\/\\\/www.ebc.gob.bo\\\/portal\\\/index.php\\\/author\\\/admin\\\/\",\"name\":\"EBC\"},{\"@type\":\"WebPage\",\"@id\":\"http:\\\/\\\/www.ebc.gob.bo\\\/portal\\\/index.php\\\/2024\\\/04\\\/12\\\/construccion-y-rehabilitacion-tramo-carretero-villa-montes-la-vertiente-palo-marcado\\\/#webpage\",\"url\":\"http:\\\/\\\/www.ebc.gob.bo\\\/portal\\\/index.php\\\/2024\\\/04\\\/12\\\/construccion-y-rehabilitacion-tramo-carretero-villa-montes-la-vertiente-palo-marcado\\\/\",\"name\":\"CARRETERA VILLA MONTES \\u2013 LA VERTIENTE \\u2013 PALO MARCADO - EBC\",\"description\":\"CONSTRUCCI\\u00d3N Y REHABILITACI\\u00d3N TRAMO CARRETERO VILLA MONTES -LA VERTIENTE - PALO MARCADO UBICACI\\u00d3N: Se encuentra ubicado al sur del pa\\u00eds en el departamento de Tarija y es parte de la Red Vial Fundamental que conecta a Cruce Ruta N\\u00ba F1 (Tarija) \\u2013 Cruce Ruta N\\u00ba F9 (San Antonio Nuevo, Villa Montes), as\\u00ed como la ruta\",\"inLanguage\":\"es-ES\",\"isPartOf\":{\"@id\":\"http:\\\/\\\/www.ebc.gob.bo\\\/portal\\\/#website\"},\"breadcrumb\":{\"@id\":\"http:\\\/\\\/www.ebc.gob.bo\\\/portal\\\/index.php\\\/2024\\\/04\\\/12\\\/construccion-y-rehabilitacion-tramo-carretero-villa-montes-la-vertiente-palo-marcado\\\/#breadcrumblist\"},\"author\":{\"@id\":\"http:\\\/\\\/www.ebc.gob.bo\\\/portal\\\/index.php\\\/author\\\/admin\\\/#author\"},\"creator\":{\"@id\":\"http:\\\/\\\/www.ebc.gob.bo\\\/portal\\\/index.php\\\/author\\\/admin\\\/#author\"},\"image\":{\"@type\":\"ImageObject\",\"url\":\"http:\\\/\\\/www.ebc.gob.bo\\\/portal\\\/wp-content\\\/uploads\\\/2024\\\/04\\\/1-scaled.jpg\",\"@id\":\"http:\\\/\\\/www.ebc.gob.bo\\\/portal\\\/index.php\\\/2024\\\/04\\\/12\\\/construccion-y-rehabilitacion-tramo-carretero-villa-montes-la-vertiente-palo-marcado\\\/#mainImage\",\"width\":2560,\"height\":1440},\"primaryImageOfPage\":{\"@id\":\"http:\\\/\\\/www.ebc.gob.bo\\\/portal\\\/index.php\\\/2024\\\/04\\\/12\\\/construccion-y-rehabilitacion-tramo-carretero-villa-montes-la-vertiente-palo-marcado\\\/#mainImage\"},\"datePublished\":\"2024-04-12T07:59:00-04:00\",\"dateModified\":\"2024-11-25T17:36:20-04:00\"},{\"@type\":\"WebSite\",\"@id\":\"http:\\\/\\\/www.ebc.gob.bo\\\/portal\\\/#website\",\"url\":\"http:\\\/\\\/www.ebc.gob.bo\\\/portal\\\/\",\"name\":\"EBC\",\"description\":\"Empresa Estrat\\u00e9gica Boliviana de Construcci\\u00f3n y Conservaci\\u00f3n de Infraestructura Civil\",\"inLanguage\":\"es-ES\",\"publisher\":{\"@id\":\"http:\\\/\\\/www.ebc.gob.bo\\\/portal\\\/#organization\"}}]}\n\t\t<\/script>\n\t\t<!-- All in One SEO -->\n\n","aioseo_head_json":{"title":"CARRETERA VILLA MONTES \u2013 LA VERTIENTE \u2013 PALO MARCADO - EBC","description":"CONSTRUCCI\u00d3N Y REHABILITACI\u00d3N TRAMO CARRETERO VILLA MONTES -LA VERTIENTE - PALO MARCADO UBICACI\u00d3N: Se encuentra ubicado al sur del pa\u00eds en el departamento de Tarija y es parte de la Red Vial Fundamental que conecta a Cruce Ruta N\u00ba F1 (Tarija) \u2013 Cruce Ruta N\u00ba F9 (San Antonio Nuevo, Villa Montes), as\u00ed como la ruta","canonical_url":"http:\/\/www.ebc.gob.bo\/portal\/index.php\/2024\/04\/12\/construccion-y-rehabilitacion-tramo-carretero-villa-montes-la-vertiente-palo-marcado\/","robots":"max-image-preview:large","keywords":"","webmasterTools":{"miscellaneous":""},"schema":{"@context":"https:\/\/schema.org","@graph":[{"@type":"BlogPosting","@id":"http:\/\/www.ebc.gob.bo\/portal\/index.php\/2024\/04\/12\/construccion-y-rehabilitacion-tramo-carretero-villa-montes-la-vertiente-palo-marcado\/#blogposting","name":"CARRETERA VILLA MONTES \u2013 LA VERTIENTE \u2013 PALO MARCADO - EBC","headline":"CARRETERA VILLA MONTES &#8211; LA VERTIENTE &#8211; PALO MARCADO","author":{"@id":"http:\/\/www.ebc.gob.bo\/portal\/index.php\/author\/admin\/#author"},"publisher":{"@id":"http:\/\/www.ebc.gob.bo\/portal\/#organization"},"image":{"@type":"ImageObject","url":"http:\/\/www.ebc.gob.bo\/portal\/wp-content\/uploads\/2024\/04\/1-scaled.jpg","width":2560,"height":1440},"datePublished":"2024-04-12T07:59:00-04:00","dateModified":"2024-11-25T17:36:20-04:00","inLanguage":"es-ES","mainEntityOfPage":{"@id":"http:\/\/www.ebc.gob.bo\/portal\/index.php\/2024\/04\/12\/construccion-y-rehabilitacion-tramo-carretero-villa-montes-la-vertiente-palo-marcado\/#webpage"},"isPartOf":{"@id":"http:\/\/www.ebc.gob.bo\/portal\/index.php\/2024\/04\/12\/construccion-y-rehabilitacion-tramo-carretero-villa-montes-la-vertiente-palo-marcado\/#webpage"},"articleSection":"General, Obra Concluida, Galer\u00eda"},{"@type":"BreadcrumbList","@id":"http:\/\/www.ebc.gob.bo\/portal\/index.php\/2024\/04\/12\/construccion-y-rehabilitacion-tramo-carretero-villa-montes-la-vertiente-palo-marcado\/#breadcrumblist","itemListElement":[{"@type":"ListItem","@id":"http:\/\/www.ebc.gob.bo\/portal#listItem","position":1,"name":"Inicio","item":"http:\/\/www.ebc.gob.bo\/portal","nextItem":{"@type":"ListItem","@id":"http:\/\/www.ebc.gob.bo\/portal\/index.php\/category\/business\/#listItem","name":"Obra Concluida"}},{"@type":"ListItem","@id":"http:\/\/www.ebc.gob.bo\/portal\/index.php\/category\/business\/#listItem","position":2,"name":"Obra Concluida","item":"http:\/\/www.ebc.gob.bo\/portal\/index.php\/category\/business\/","nextItem":{"@type":"ListItem","@id":"http:\/\/www.ebc.gob.bo\/portal\/index.php\/2024\/04\/12\/construccion-y-rehabilitacion-tramo-carretero-villa-montes-la-vertiente-palo-marcado\/#listItem","name":"CARRETERA VILLA MONTES &#8211; LA VERTIENTE &#8211; PALO MARCADO"},"previousItem":{"@type":"ListItem","@id":"http:\/\/www.ebc.gob.bo\/portal#listItem","name":"Inicio"}},{"@type":"ListItem","@id":"http:\/\/www.ebc.gob.bo\/portal\/index.php\/2024\/04\/12\/construccion-y-rehabilitacion-tramo-carretero-villa-montes-la-vertiente-palo-marcado\/#listItem","position":3,"name":"CARRETERA VILLA MONTES &#8211; LA VERTIENTE &#8211; PALO MARCADO","previousItem":{"@type":"ListItem","@id":"http:\/\/www.ebc.gob.bo\/portal\/index.php\/category\/business\/#listItem","name":"Obra Concluida"}}]},{"@type":"Organization","@id":"http:\/\/www.ebc.gob.bo\/portal\/#organization","name":"EBC","description":"Empresa Estrat\u00e9gica Boliviana de Construcci\u00f3n y Conservaci\u00f3n de Infraestructura Civil","url":"http:\/\/www.ebc.gob.bo\/portal\/","logo":{"@type":"ImageObject","url":"http:\/\/www.ebc.gob.bo\/portal\/wp-content\/uploads\/2026\/05\/Empresa-Estrategica-Boliviana-1.jpg","@id":"http:\/\/www.ebc.gob.bo\/portal\/index.php\/2024\/04\/12\/construccion-y-rehabilitacion-tramo-carretero-villa-montes-la-vertiente-palo-marcado\/#organizationLogo","width":1350,"height":204},"image":{"@id":"http:\/\/www.ebc.gob.bo\/portal\/index.php\/2024\/04\/12\/construccion-y-rehabilitacion-tramo-carretero-villa-montes-la-vertiente-palo-marcado\/#organizationLogo"},"sameAs":["https:\/\/www.facebook.com\/share\/1M1SNLMFT3\/","https:\/\/x.com\/bolivia_ebc?t=fbPl6a1W2RVzjPiUoQjL5w&s=09","https:\/\/www.tiktok.com\/@ebc.bolivia?_t=ZM-8yQy3KsZgng&_r=1"]},{"@type":"Person","@id":"http:\/\/www.ebc.gob.bo\/portal\/index.php\/author\/admin\/#author","url":"http:\/\/www.ebc.gob.bo\/portal\/index.php\/author\/admin\/","name":"EBC"},{"@type":"WebPage","@id":"http:\/\/www.ebc.gob.bo\/portal\/index.php\/2024\/04\/12\/construccion-y-rehabilitacion-tramo-carretero-villa-montes-la-vertiente-palo-marcado\/#webpage","url":"http:\/\/www.ebc.gob.bo\/portal\/index.php\/2024\/04\/12\/construccion-y-rehabilitacion-tramo-carretero-villa-montes-la-vertiente-palo-marcado\/","name":"CARRETERA VILLA MONTES \u2013 LA VERTIENTE \u2013 PALO MARCADO - EBC","description":"CONSTRUCCI\u00d3N Y REHABILITACI\u00d3N TRAMO CARRETERO VILLA MONTES -LA VERTIENTE - PALO MARCADO UBICACI\u00d3N: Se encuentra ubicado al sur del pa\u00eds en el departamento de Tarija y es parte de la Red Vial Fundamental que conecta a Cruce Ruta N\u00ba F1 (Tarija) \u2013 Cruce Ruta N\u00ba F9 (San Antonio Nuevo, Villa Montes), as\u00ed como la ruta","inLanguage":"es-ES","isPartOf":{"@id":"http:\/\/www.ebc.gob.bo\/portal\/#website"},"breadcrumb":{"@id":"http:\/\/www.ebc.gob.bo\/portal\/index.php\/2024\/04\/12\/construccion-y-rehabilitacion-tramo-carretero-villa-montes-la-vertiente-palo-marcado\/#breadcrumblist"},"author":{"@id":"http:\/\/www.ebc.gob.bo\/portal\/index.php\/author\/admin\/#author"},"creator":{"@id":"http:\/\/www.ebc.gob.bo\/portal\/index.php\/author\/admin\/#author"},"image":{"@type":"ImageObject","url":"http:\/\/www.ebc.gob.bo\/portal\/wp-content\/uploads\/2024\/04\/1-scaled.jpg","@id":"http:\/\/www.ebc.gob.bo\/portal\/index.php\/2024\/04\/12\/construccion-y-rehabilitacion-tramo-carretero-villa-montes-la-vertiente-palo-marcado\/#mainImage","width":2560,"height":1440},"primaryImageOfPage":{"@id":"http:\/\/www.ebc.gob.bo\/portal\/index.php\/2024\/04\/12\/construccion-y-rehabilitacion-tramo-carretero-villa-montes-la-vertiente-palo-marcado\/#mainImage"},"datePublished":"2024-04-12T07:59:00-04:00","dateModified":"2024-11-25T17:36:20-04:00"},{"@type":"WebSite","@id":"http:\/\/www.ebc.gob.bo\/portal\/#website","url":"http:\/\/www.ebc.gob.bo\/portal\/","name":"EBC","description":"Empresa Estrat\u00e9gica Boliviana de Construcci\u00f3n y Conservaci\u00f3n de Infraestructura Civil","inLanguage":"es-ES","publisher":{"@id":"http:\/\/www.ebc.gob.bo\/portal\/#organization"}}]},"og:locale":"es_ES","og:site_name":"EBC - Empresa Estrat\u00e9gica Boliviana de Construcci\u00f3n y Conservaci\u00f3n de Infraestructura Civil","og:type":"article","og:title":"CARRETERA VILLA MONTES \u2013 LA VERTIENTE \u2013 PALO MARCADO - EBC","og:description":"CONSTRUCCI\u00d3N Y REHABILITACI\u00d3N TRAMO CARRETERO VILLA MONTES -LA VERTIENTE - PALO MARCADO UBICACI\u00d3N: Se encuentra ubicado al sur del pa\u00eds en el departamento de Tarija y es parte de la Red Vial Fundamental que conecta a Cruce Ruta N\u00ba F1 (Tarija) \u2013 Cruce Ruta N\u00ba F9 (San Antonio Nuevo, Villa Montes), as\u00ed como la ruta","og:url":"http:\/\/www.ebc.gob.bo\/portal\/index.php\/2024\/04\/12\/construccion-y-rehabilitacion-tramo-carretero-villa-montes-la-vertiente-palo-marcado\/","og:image":"http:\/\/www.ebc.gob.bo\/portal\/wp-content\/uploads\/2024\/04\/1-scaled.jpg","og:image:width":2560,"og:image:height":1440,"article:published_time":"2024-04-12T11:59:00+00:00","article:modified_time":"2024-11-25T21:36:20+00:00","article:publisher":"https:\/\/www.facebook.com\/share\/1M1SNLMFT3\/","twitter:card":"summary_large_image","twitter:site":"@bolivia_ebc","twitter:title":"CARRETERA VILLA MONTES \u2013 LA VERTIENTE \u2013 PALO MARCADO - EBC","twitter:description":"CONSTRUCCI\u00d3N Y REHABILITACI\u00d3N TRAMO CARRETERO VILLA MONTES -LA VERTIENTE - PALO MARCADO UBICACI\u00d3N: Se encuentra ubicado al sur del pa\u00eds en el departamento de Tarija y es parte de la Red Vial Fundamental que conecta a Cruce Ruta N\u00ba F1 (Tarija) \u2013 Cruce Ruta N\u00ba F9 (San Antonio Nuevo, Villa Montes), as\u00ed como la ruta","twitter:creator":"@bolivia_ebc","twitter:image":"http:\/\/www.ebc.gob.bo\/portal\/wp-content\/uploads\/2024\/04\/1-scaled.jpg"},"aioseo_meta_data":{"post_id":"2811","title":null,"description":null,"keywords":null,"keyphrases":{"focus":{"keyphrase":"","score":0,"analysis":{"keyphraseInTitle":{"score":0,"maxScore":9,"error":1}}},"additional":[]},"primary_term":null,"canonical_url":null,"og_title":null,"og_description":null,"og_object_type":"default","og_image_type":"default","og_image_url":null,"og_image_width":null,"og_image_height":null,"og_image_custom_url":null,"og_image_custom_fields":null,"og_video":"","og_custom_url":null,"og_article_section":null,"og_article_tags":null,"twitter_use_og":false,"twitter_card":"default","twitter_image_type":"default","twitter_image_url":null,"twitter_image_custom_url":null,"twitter_image_custom_fields":null,"twitter_title":null,"twitter_description":null,"schema":{"blockGraphs":[],"customGraphs":[],"default":{"data":{"Article":[],"Course":[],"Dataset":[],"FAQPage":[],"Movie":[],"Person":[],"Product":[],"ProductReview":[],"Car":[],"Recipe":[],"Service":[],"SoftwareApplication":[],"WebPage":[]},"graphName":"BlogPosting","isEnabled":true},"graphs":[]},"schema_type":"default","schema_type_options":null,"pillar_content":false,"robots_default":true,"robots_noindex":false,"robots_noarchive":false,"robots_nosnippet":false,"robots_nofollow":false,"robots_noimageindex":false,"robots_noodp":false,"robots_notranslate":false,"robots_max_snippet":"-1","robots_max_videopreview":"-1","robots_max_imagepreview":"large","priority":null,"frequency":"default","local_seo":null,"breadcrumb_settings":null,"limit_modified_date":false,"ai":null,"created":"2024-04-09 23:59:48","updated":"2026-04-26 08:21:58","focus_keyword":null,"additional_keywords":null,"truseo_locale":null,"seo_analyzer_scan_date":null},"aioseo_breadcrumb":"<div class=\"aioseo-breadcrumbs\"><span class=\"aioseo-breadcrumb\">\n\t\t\t<a href=\"http:\/\/www.ebc.gob.bo\/portal\" title=\"Inicio\">Inicio<\/a>\n\t\t<\/span><span class=\"aioseo-breadcrumb-separator\">&raquo;<\/span><span class=\"aioseo-breadcrumb\">\n\t\t\t<a href=\"http:\/\/www.ebc.gob.bo\/portal\/index.php\/category\/business\/\" title=\"Obra Concluida\">Obra Concluida<\/a>\n\t\t<\/span><span class=\"aioseo-breadcrumb-separator\">&raquo;<\/span><span class=\"aioseo-breadcrumb\">\n\t\t\tCARRETERA VILLA MONTES \u2013 LA VERTIENTE \u2013 PALO MARCADO\n\t\t<\/span><\/div>","aioseo_breadcrumb_json":[{"label":"Inicio","link":"http:\/\/www.ebc.gob.bo\/portal"},{"label":"Obra Concluida","link":"http:\/\/www.ebc.gob.bo\/portal\/index.php\/category\/business\/"},{"label":"CARRETERA VILLA MONTES &#8211; LA VERTIENTE &#8211; PALO MARCADO","link":"http:\/\/www.ebc.gob.bo\/portal\/index.php\/2024\/04\/12\/construccion-y-rehabilitacion-tramo-carretero-villa-montes-la-vertiente-palo-marcado\/"}],"_links":{"self":[{"href":"http:\/\/www.ebc.gob.bo\/portal\/index.php\/wp-json\/wp\/v2\/posts\/2811","targetHints":{"allow":["GET"]}}],"collection":[{"href":"http:\/\/www.ebc.gob.bo\/portal\/index.php\/wp-json\/wp\/v2\/posts"}],"about":[{"href":"http:\/\/www.ebc.gob.bo\/portal\/index.php\/wp-json\/wp\/v2\/types\/post"}],"author":[{"embeddable":true,"href":"http:\/\/www.ebc.gob.bo\/portal\/index.php\/wp-json\/wp\/v2\/users\/1"}],"replies":[{"embeddable":true,"href":"http:\/\/www.ebc.gob.bo\/portal\/index.php\/wp-json\/wp\/v2\/comments?post=2811"}],"version-history":[{"count":3,"href":"http:\/\/www.ebc.gob.bo\/portal\/index.php\/wp-json\/wp\/v2\/posts\/2811\/revisions"}],"predecessor-version":[{"id":4544,"href":"http:\/\/www.ebc.gob.bo\/portal\/index.php\/wp-json\/wp\/v2\/posts\/2811\/revisions\/4544"}],"wp:featuredmedia":[{"embeddable":true,"href":"http:\/\/www.ebc.gob.bo\/portal\/index.php\/wp-json\/wp\/v2\/media\/2792"}],"wp:attachment":[{"href":"http:\/\/www.ebc.gob.bo\/portal\/index.php\/wp-json\/wp\/v2\/media?parent=2811"}],"wp:term":[{"taxonomy":"category","embeddable":true,"href":"http:\/\/www.ebc.gob.bo\/portal\/index.php\/wp-json\/wp\/v2\/categories?post=2811"},{"taxonomy":"post_tag","embeddable":true,"href":"http:\/\/www.ebc.gob.bo\/portal\/index.php\/wp-json\/wp\/v2\/tags?post=2811"}],"curies":[{"name":"wp","href":"https:\/\/api.w.org\/{rel}","templated":true}]}}