{"id":3381,"date":"2024-06-12T14:55:03","date_gmt":"2024-06-12T18:55:03","guid":{"rendered":"http:\/\/www.ebc.gob.bo\/portal\/?p=3381"},"modified":"2024-06-12T14:56:16","modified_gmt":"2024-06-12T18:56:16","slug":"el-gobierno-nacional-impulsa-el-desarrollo-agricola-en-pailon","status":"publish","type":"post","link":"http:\/\/www.ebc.gob.bo\/portal\/index.php\/2024\/06\/12\/el-gobierno-nacional-impulsa-el-desarrollo-agricola-en-pailon\/","title":{"rendered":"EL GOBIERNO NACIONAL IMPULSA EL DESARROLLO AGR\u00cdCOLA EN PAIL\u00d3N"},"content":{"rendered":"\n<figure class=\"wp-block-gallery has-nested-images columns-default is-cropped wp-block-gallery-1 is-layout-flex wp-block-gallery-is-layout-flex\"><\/figure>\n\n\n\n<div class=\"alignnormal\"><div id=\"metaslider-id-3359\" style=\"width: 100%;\" class=\"ml-slider-3-108-0 metaslider metaslider-flex metaslider-3359 ml-slider has-dots-nav ms-theme-default\" role=\"region\" aria-label=\"Silos\" data-height=\"450\" data-width=\"800\">\n    <div id=\"metaslider_container_3359\">\n        <div id=\"metaslider_3359\">\n            <ul class='slides'>\n                <li style=\"display: block; width: 100%;\" class=\"slide-3370 ms-image \" aria-roledescription=\"slide\" data-date=\"2024-06-12 14:47:56\" data-filename=\"Pailon-2-800x450.jpg\" data-slide-type=\"image\"><img fetchpriority=\"high\" decoding=\"async\" src=\"http:\/\/www.ebc.gob.bo\/portal\/wp-content\/uploads\/2024\/06\/Pailon-2-800x450.jpg\" height=\"450\" width=\"800\" alt=\"\" class=\"slider-3359 slide-3370 msDefaultImage\" title=\"Pailon-2\" \/><\/li>\n                <li style=\"display: none; width: 100%;\" class=\"slide-3379 ms-image \" aria-roledescription=\"slide\" data-date=\"2024-06-12 14:48:04\" data-filename=\"Pailon-15-800x450.jpg\" data-slide-type=\"image\"><img decoding=\"async\" src=\"http:\/\/www.ebc.gob.bo\/portal\/wp-content\/uploads\/2024\/06\/Pailon-15-800x450.jpg\" height=\"450\" width=\"800\" alt=\"\" class=\"slider-3359 slide-3379 msDefaultImage\" title=\"Pailon-15\" \/><\/li>\n                <li style=\"display: none; width: 100%;\" class=\"slide-3371 ms-image \" aria-roledescription=\"slide\" data-date=\"2024-06-12 14:47:56\" data-filename=\"Pailon-7-800x450.jpg\" data-slide-type=\"image\"><img decoding=\"async\" src=\"http:\/\/www.ebc.gob.bo\/portal\/wp-content\/uploads\/2024\/06\/Pailon-7-800x450.jpg\" height=\"450\" width=\"800\" alt=\"\" class=\"slider-3359 slide-3371 msDefaultImage\" title=\"Pailon-7\" \/><\/li>\n                <li style=\"display: none; width: 100%;\" class=\"slide-3372 ms-image \" aria-roledescription=\"slide\" data-date=\"2024-06-12 14:47:57\" data-filename=\"Pailon-8-800x450.jpg\" data-slide-type=\"image\"><img loading=\"lazy\" decoding=\"async\" src=\"http:\/\/www.ebc.gob.bo\/portal\/wp-content\/uploads\/2024\/06\/Pailon-8-800x450.jpg\" height=\"450\" width=\"800\" alt=\"\" class=\"slider-3359 slide-3372 msDefaultImage\" title=\"Pailon-8\" \/><\/li>\n                <li style=\"display: none; width: 100%;\" class=\"slide-3373 ms-image \" aria-roledescription=\"slide\" data-date=\"2024-06-12 14:47:58\" data-filename=\"Pailon-9-800x450.jpg\" data-slide-type=\"image\"><img loading=\"lazy\" decoding=\"async\" src=\"http:\/\/www.ebc.gob.bo\/portal\/wp-content\/uploads\/2024\/06\/Pailon-9-800x450.jpg\" height=\"450\" width=\"800\" alt=\"\" class=\"slider-3359 slide-3373 msDefaultImage\" title=\"Pailon-9\" \/><\/li>\n                <li style=\"display: none; width: 100%;\" class=\"slide-3374 ms-image \" aria-roledescription=\"slide\" data-date=\"2024-06-12 14:47:59\" data-filename=\"Pailon-10-800x450.jpg\" data-slide-type=\"image\"><img loading=\"lazy\" decoding=\"async\" src=\"http:\/\/www.ebc.gob.bo\/portal\/wp-content\/uploads\/2024\/06\/Pailon-10-800x450.jpg\" height=\"450\" width=\"800\" alt=\"\" class=\"slider-3359 slide-3374 msDefaultImage\" title=\"Pailon-10\" \/><\/li>\n                <li style=\"display: none; width: 100%;\" class=\"slide-3375 ms-image \" aria-roledescription=\"slide\" data-date=\"2024-06-12 14:48:00\" data-filename=\"Pailon-11-800x450.jpg\" data-slide-type=\"image\"><img loading=\"lazy\" decoding=\"async\" src=\"http:\/\/www.ebc.gob.bo\/portal\/wp-content\/uploads\/2024\/06\/Pailon-11-800x450.jpg\" height=\"450\" width=\"800\" alt=\"\" class=\"slider-3359 slide-3375 msDefaultImage\" title=\"Pailon-11\" \/><\/li>\n                <li style=\"display: none; width: 100%;\" class=\"slide-3376 ms-image \" aria-roledescription=\"slide\" data-date=\"2024-06-12 14:48:01\" data-filename=\"Pailon-12-800x450.jpg\" data-slide-type=\"image\"><img loading=\"lazy\" decoding=\"async\" src=\"http:\/\/www.ebc.gob.bo\/portal\/wp-content\/uploads\/2024\/06\/Pailon-12-800x450.jpg\" height=\"450\" width=\"800\" alt=\"\" class=\"slider-3359 slide-3376 msDefaultImage\" title=\"Pailon-12\" \/><\/li>\n                <li style=\"display: none; width: 100%;\" class=\"slide-3378 ms-image \" aria-roledescription=\"slide\" data-date=\"2024-06-12 14:48:03\" data-filename=\"Pailon-14-800x450.jpg\" data-slide-type=\"image\"><img loading=\"lazy\" decoding=\"async\" src=\"http:\/\/www.ebc.gob.bo\/portal\/wp-content\/uploads\/2024\/06\/Pailon-14-800x450.jpg\" height=\"450\" width=\"800\" alt=\"\" class=\"slider-3359 slide-3378 msDefaultImage\" title=\"Pailon-14\" \/><\/li>\n                <li style=\"display: none; width: 100%;\" class=\"slide-3377 ms-image \" aria-roledescription=\"slide\" data-date=\"2024-06-12 14:48:02\" data-filename=\"Pailon-13-800x450.jpg\" data-slide-type=\"image\"><img loading=\"lazy\" decoding=\"async\" src=\"http:\/\/www.ebc.gob.bo\/portal\/wp-content\/uploads\/2024\/06\/Pailon-13-800x450.jpg\" height=\"450\" width=\"800\" alt=\"\" class=\"slider-3359 slide-3377 msDefaultImage\" title=\"Pailon-13\" \/><\/li>\n            <\/ul>\n        <\/div>\n        \n    <\/div>\n<\/div><\/div>\n\n\n<p>\u00a0<\/p>\n<h6 style=\"text-align: justify;\">Santa Cruz, 12 de junio de 2024 &#8211; \u00a0La <strong>Empresa Boliviana de la Construcci\u00f3n Civil (EBC<\/strong>) avanza significativamente en la construcci\u00f3n de la <strong>Planta Industrial de Almacenamiento de Granos de Emapa<\/strong> en la comunidad \u00ab25 de Junio\u00bb, ubicada en el municipio de Pail\u00f3n, departamento de Santa Cruz. Este proyecto, con una inversi\u00f3n del Gobierno Nacional liderada por el <strong>Presidente Luis Arce<\/strong> de m\u00e1s de 79.4 millones de bolivianos, tiene como objetivo aumentar la capacidad de almacenaje y procesamiento de productos agr\u00edcolas en la regi\u00f3n, fortaleciendo as\u00ed la infraestructura agroindustrial y contribuyendo al desarrollo econ\u00f3mico y social de Santa Cruz.<\/h6>\n<p>\u00a0<\/p>\n\n\n<figure class=\"wp-block-image aligncenter size-large is-resized\"><img loading=\"lazy\" decoding=\"async\" width=\"1024\" height=\"576\" src=\"http:\/\/www.ebc.gob.bo\/portal\/wp-content\/uploads\/2024\/06\/Pailon-15-1024x576.jpg\" alt=\"\" class=\"wp-image-3369\" style=\"width:474px;height:auto\" srcset=\"http:\/\/www.ebc.gob.bo\/portal\/wp-content\/uploads\/2024\/06\/Pailon-15-1024x576.jpg 1024w, http:\/\/www.ebc.gob.bo\/portal\/wp-content\/uploads\/2024\/06\/Pailon-15-300x169.jpg 300w, http:\/\/www.ebc.gob.bo\/portal\/wp-content\/uploads\/2024\/06\/Pailon-15-768x432.jpg 768w, http:\/\/www.ebc.gob.bo\/portal\/wp-content\/uploads\/2024\/06\/Pailon-15-800x450.jpg 800w, http:\/\/www.ebc.gob.bo\/portal\/wp-content\/uploads\/2024\/06\/Pailon-15-620x349.jpg 620w, http:\/\/www.ebc.gob.bo\/portal\/wp-content\/uploads\/2024\/06\/Pailon-15-400x225.jpg 400w, http:\/\/www.ebc.gob.bo\/portal\/wp-content\/uploads\/2024\/06\/Pailon-15.jpg 2032w\" sizes=\"(max-width: 1024px) 100vw, 1024px\" \/><\/figure>\n\n\n<p>\u00a0<\/p>\n<h6 style=\"text-align: justify;\">Hasta la fecha, se ha logrado un avance f\u00edsico del 63% en la construcci\u00f3n de cuatro silos, cada uno con una capacidad de 10,500 toneladas, as\u00ed como en la instalaci\u00f3n de sistemas de ventilaci\u00f3n y la construcci\u00f3n de espacios destinados a la administraci\u00f3n y \u00e1reas exteriores. La planta contar\u00e1 con una capacidad de almacenaje total de 42,000 toneladas de granos, con dos silos pulm\u00f3n de 702 toneladas (c\/u) para un pre-almacenaje y homogenizaci\u00f3n del grano, dos zarandas vibratorias de 20 toneladas por hora (c\/u), para la pre y post limpieza del grano, adem\u00e1s de secadora, un sistema de aireaci\u00f3n a trav\u00e9s de ventiladores y elevadores de cangilones para el traslado del producto entre otros.<\/h6>\n<p>\u00a0<\/p>\n\n\n<figure class=\"wp-block-image aligncenter size-large is-resized\"><img loading=\"lazy\" decoding=\"async\" width=\"1024\" height=\"576\" src=\"http:\/\/www.ebc.gob.bo\/portal\/wp-content\/uploads\/2024\/06\/Pailon-12-1024x576.jpg\" alt=\"\" class=\"wp-image-3366\" style=\"width:480px;height:auto\" srcset=\"http:\/\/www.ebc.gob.bo\/portal\/wp-content\/uploads\/2024\/06\/Pailon-12-1024x576.jpg 1024w, http:\/\/www.ebc.gob.bo\/portal\/wp-content\/uploads\/2024\/06\/Pailon-12-300x169.jpg 300w, http:\/\/www.ebc.gob.bo\/portal\/wp-content\/uploads\/2024\/06\/Pailon-12-768x432.jpg 768w, http:\/\/www.ebc.gob.bo\/portal\/wp-content\/uploads\/2024\/06\/Pailon-12-800x450.jpg 800w, http:\/\/www.ebc.gob.bo\/portal\/wp-content\/uploads\/2024\/06\/Pailon-12-620x349.jpg 620w, http:\/\/www.ebc.gob.bo\/portal\/wp-content\/uploads\/2024\/06\/Pailon-12-400x225.jpg 400w, http:\/\/www.ebc.gob.bo\/portal\/wp-content\/uploads\/2024\/06\/Pailon-12.jpg 2032w\" sizes=\"(max-width: 1024px) 100vw, 1024px\" \/><\/figure>\n\n\n<p>\u00a0<\/p>\n<h6 style=\"text-align: justify;\">Actualmente, se est\u00e1n ejecutando las obras civiles de las bases del cuarto silo plano. Adem\u00e1s, se est\u00e1n desarrollando las edificaciones correspondientes a las \u00e1reas de laboratorio en la zona de la balanza de ingreso, el \u00e1rea de transformadores y la caseta de control de m\u00e1quinas.<\/h6>\n<p>\u00a0<\/p>\n\n\n<figure class=\"wp-block-image aligncenter size-large is-resized\"><img loading=\"lazy\" decoding=\"async\" width=\"1024\" height=\"576\" src=\"http:\/\/www.ebc.gob.bo\/portal\/wp-content\/uploads\/2024\/06\/Pailon-9-1024x576.jpg\" alt=\"\" class=\"wp-image-3363\" style=\"width:478px;height:auto\" srcset=\"http:\/\/www.ebc.gob.bo\/portal\/wp-content\/uploads\/2024\/06\/Pailon-9-1024x576.jpg 1024w, http:\/\/www.ebc.gob.bo\/portal\/wp-content\/uploads\/2024\/06\/Pailon-9-300x169.jpg 300w, http:\/\/www.ebc.gob.bo\/portal\/wp-content\/uploads\/2024\/06\/Pailon-9-768x432.jpg 768w, http:\/\/www.ebc.gob.bo\/portal\/wp-content\/uploads\/2024\/06\/Pailon-9-800x450.jpg 800w, http:\/\/www.ebc.gob.bo\/portal\/wp-content\/uploads\/2024\/06\/Pailon-9-620x349.jpg 620w, http:\/\/www.ebc.gob.bo\/portal\/wp-content\/uploads\/2024\/06\/Pailon-9-400x225.jpg 400w, http:\/\/www.ebc.gob.bo\/portal\/wp-content\/uploads\/2024\/06\/Pailon-9.jpg 2032w\" sizes=\"(max-width: 1024px) 100vw, 1024px\" \/><\/figure>\n\n\n<p>\u00a0<\/p>\n<h6 style=\"text-align: justify;\">El proyecto se enmarca en el impulso de la industrializaci\u00f3n en Bolivia bajo el Programa Multisectorial de Fomento a la Producci\u00f3n de Trigo, con el prop\u00f3sito de consolidar la reserva estrat\u00e9gica de alimentos en el pa\u00eds y garantizar la seguridad alimentaria de la poblaci\u00f3n. La planta industrial se convertir\u00e1 en un importante centro de acopio y procesamiento de granos, contribuyendo al fortalecimiento del sector agr\u00edcola y a la generaci\u00f3n de empleo en la zona.<\/h6>\n<p>\u00a0<\/p>\n\n\n<figure class=\"wp-block-image aligncenter size-large is-resized\"><img loading=\"lazy\" decoding=\"async\" width=\"1024\" height=\"576\" src=\"http:\/\/www.ebc.gob.bo\/portal\/wp-content\/uploads\/2024\/06\/Pailon-13-1024x576.jpg\" alt=\"\" class=\"wp-image-3367\" style=\"width:476px;height:auto\" srcset=\"http:\/\/www.ebc.gob.bo\/portal\/wp-content\/uploads\/2024\/06\/Pailon-13-1024x576.jpg 1024w, http:\/\/www.ebc.gob.bo\/portal\/wp-content\/uploads\/2024\/06\/Pailon-13-300x169.jpg 300w, http:\/\/www.ebc.gob.bo\/portal\/wp-content\/uploads\/2024\/06\/Pailon-13-768x432.jpg 768w, http:\/\/www.ebc.gob.bo\/portal\/wp-content\/uploads\/2024\/06\/Pailon-13-800x450.jpg 800w, http:\/\/www.ebc.gob.bo\/portal\/wp-content\/uploads\/2024\/06\/Pailon-13-620x349.jpg 620w, http:\/\/www.ebc.gob.bo\/portal\/wp-content\/uploads\/2024\/06\/Pailon-13-400x225.jpg 400w, http:\/\/www.ebc.gob.bo\/portal\/wp-content\/uploads\/2024\/06\/Pailon-13.jpg 2032w\" sizes=\"(max-width: 1024px) 100vw, 1024px\" \/><\/figure>\n\n\n<p>\u00a0<\/p>\n<h6 style=\"text-align: justify;\">Desde la EBC, se trabaja en coordinaci\u00f3n con la Empresa de Apoyo a la Producci\u00f3n de Alimentos (EMAPA), la municipalidad de Pail\u00f3n y los productores agr\u00edcolas para promover el desarrollo agroindustrial en la regi\u00f3n, impulsando la agricultura sostenible y la producci\u00f3n de alimentos de calidad. Se espera que la planta industrial de almacenamiento de granos de EMAPA en Pail\u00f3n sea un motor de desarrollo para la comunidad local y un beneficio para todo el pa\u00eds.<\/h6>\n<p>\u00a0<\/p>","protected":false},"excerpt":{"rendered":"<p>\u00a0 Santa Cruz, 12 de junio de 2024 &#8211; \u00a0La Empresa Boliviana de la Construcci\u00f3n Civil (EBC) avanza significativamente en<\/p>\n","protected":false},"author":1,"featured_media":3369,"comment_status":"closed","ping_status":"closed","sticky":false,"template":"","format":"gallery","meta":{"colormag_page_layout":"default_layout","_joinchat":[],"footnotes":""},"categories":[17,10],"tags":[],"class_list":["post-3381","post","type-post","status-publish","format-gallery","has-post-thumbnail","hentry","category-comunicacion","category-general","post_format-post-format-gallery"],"aioseo_notices":[],"_links":{"self":[{"href":"http:\/\/www.ebc.gob.bo\/portal\/index.php\/wp-json\/wp\/v2\/posts\/3381","targetHints":{"allow":["GET"]}}],"collection":[{"href":"http:\/\/www.ebc.gob.bo\/portal\/index.php\/wp-json\/wp\/v2\/posts"}],"about":[{"href":"http:\/\/www.ebc.gob.bo\/portal\/index.php\/wp-json\/wp\/v2\/types\/post"}],"author":[{"embeddable":true,"href":"http:\/\/www.ebc.gob.bo\/portal\/index.php\/wp-json\/wp\/v2\/users\/1"}],"replies":[{"embeddable":true,"href":"http:\/\/www.ebc.gob.bo\/portal\/index.php\/wp-json\/wp\/v2\/comments?post=3381"}],"version-history":[{"count":2,"href":"http:\/\/www.ebc.gob.bo\/portal\/index.php\/wp-json\/wp\/v2\/posts\/3381\/revisions"}],"predecessor-version":[{"id":3383,"href":"http:\/\/www.ebc.gob.bo\/portal\/index.php\/wp-json\/wp\/v2\/posts\/3381\/revisions\/3383"}],"wp:featuredmedia":[{"embeddable":true,"href":"http:\/\/www.ebc.gob.bo\/portal\/index.php\/wp-json\/wp\/v2\/media\/3369"}],"wp:attachment":[{"href":"http:\/\/www.ebc.gob.bo\/portal\/index.php\/wp-json\/wp\/v2\/media?parent=3381"}],"wp:term":[{"taxonomy":"category","embeddable":true,"href":"http:\/\/www.ebc.gob.bo\/portal\/index.php\/wp-json\/wp\/v2\/categories?post=3381"},{"taxonomy":"post_tag","embeddable":true,"href":"http:\/\/www.ebc.gob.bo\/portal\/index.php\/wp-json\/wp\/v2\/tags?post=3381"}],"curies":[{"name":"wp","href":"https:\/\/api.w.org\/{rel}","templated":true}]}}