{"id":3406,"date":"2024-06-14T15:32:50","date_gmt":"2024-06-14T19:32:50","guid":{"rendered":"http:\/\/www.ebc.gob.bo\/portal\/?p=3406"},"modified":"2024-06-14T15:32:53","modified_gmt":"2024-06-14T19:32:53","slug":"entrega-provisional-de-la-doble-via-yacuiba-campo-pajoso-un-impulso-al-desarrollo-del-gran-chaco-en-tarija","status":"publish","type":"post","link":"http:\/\/www.ebc.gob.bo\/portal\/index.php\/2024\/06\/14\/entrega-provisional-de-la-doble-via-yacuiba-campo-pajoso-un-impulso-al-desarrollo-del-gran-chaco-en-tarija\/","title":{"rendered":"ENTREGA PROVISIONAL DE LA DOBLE V\u00cdA YACUIBA &#8211; CAMPO PAJOSO: UN IMPULSO AL DESARROLLO DEL GRAN CHACO EN TARIJA"},"content":{"rendered":"\n<figure class=\"wp-block-gallery has-nested-images columns-default is-cropped wp-block-gallery-1 is-layout-flex wp-block-gallery-is-layout-flex\"><\/figure>\n\n\n\n<div class=\"alignnormal\"><div id=\"metaslider-id-3384\" style=\"width: 100%;\" class=\"ml-slider-3-108-0 metaslider metaslider-flex metaslider-3384 ml-slider has-dots-nav ms-theme-default\" role=\"region\" aria-label=\"ENTREGA PROVISIONAL DE LA DOBLE V\u00cdA YACUIBA\" data-height=\"450\" data-width=\"800\">\n    <div id=\"metaslider_container_3384\">\n        <div id=\"metaslider_3384\">\n            <ul class='slides'>\n                <li style=\"display: block; width: 100%;\" class=\"slide-3401 ms-image \" aria-roledescription=\"slide\" data-date=\"2024-06-14 15:23:42\" data-filename=\"13-2-800x450.jpg\" data-slide-type=\"image\"><img fetchpriority=\"high\" decoding=\"async\" src=\"http:\/\/www.ebc.gob.bo\/portal\/wp-content\/uploads\/2024\/06\/13-2-800x450.jpg\" height=\"450\" width=\"800\" alt=\"\" class=\"slider-3384 slide-3401 msDefaultImage\" title=\"13\" \/><\/li>\n                <li style=\"display: none; width: 100%;\" class=\"slide-3395 ms-image \" aria-roledescription=\"slide\" data-date=\"2024-06-14 15:23:33\" data-filename=\"1-1-800x450.jpg\" data-slide-type=\"image\"><img decoding=\"async\" src=\"http:\/\/www.ebc.gob.bo\/portal\/wp-content\/uploads\/2024\/06\/1-1-800x450.jpg\" height=\"450\" width=\"800\" alt=\"\" class=\"slider-3384 slide-3395 msDefaultImage\" title=\"1\" \/><\/li>\n                <li style=\"display: none; width: 100%;\" class=\"slide-3398 ms-image \" aria-roledescription=\"slide\" data-date=\"2024-06-14 15:23:39\" data-filename=\"9-1-800x450.jpg\" data-slide-type=\"image\"><img decoding=\"async\" src=\"http:\/\/www.ebc.gob.bo\/portal\/wp-content\/uploads\/2024\/06\/9-1-800x450.jpg\" height=\"450\" width=\"800\" alt=\"\" class=\"slider-3384 slide-3398 msDefaultImage\" title=\"9\" \/><\/li>\n                <li style=\"display: none; width: 100%;\" class=\"slide-3396 ms-image \" aria-roledescription=\"slide\" data-date=\"2024-06-14 15:23:34\" data-filename=\"2-1-800x450.jpg\" data-slide-type=\"image\"><img loading=\"lazy\" decoding=\"async\" src=\"http:\/\/www.ebc.gob.bo\/portal\/wp-content\/uploads\/2024\/06\/2-1-800x450.jpg\" height=\"450\" width=\"800\" alt=\"\" class=\"slider-3384 slide-3396 msDefaultImage\" title=\"2\" \/><\/li>\n                <li style=\"display: none; width: 100%;\" class=\"slide-3397 ms-image \" aria-roledescription=\"slide\" data-date=\"2024-06-14 15:23:38\" data-filename=\"7-1-800x450.jpg\" data-slide-type=\"image\"><img loading=\"lazy\" decoding=\"async\" src=\"http:\/\/www.ebc.gob.bo\/portal\/wp-content\/uploads\/2024\/06\/7-1-800x450.jpg\" height=\"450\" width=\"800\" alt=\"\" class=\"slider-3384 slide-3397 msDefaultImage\" title=\"7\" \/><\/li>\n                <li style=\"display: none; width: 100%;\" class=\"slide-3400 ms-image \" aria-roledescription=\"slide\" data-date=\"2024-06-14 15:23:41\" data-filename=\"11-2-800x450.jpg\" data-slide-type=\"image\"><img loading=\"lazy\" decoding=\"async\" src=\"http:\/\/www.ebc.gob.bo\/portal\/wp-content\/uploads\/2024\/06\/11-2-800x450.jpg\" height=\"450\" width=\"800\" alt=\"\" class=\"slider-3384 slide-3400 msDefaultImage\" title=\"11\" \/><\/li>\n                <li style=\"display: none; width: 100%;\" class=\"slide-3399 ms-image \" aria-roledescription=\"slide\" data-date=\"2024-06-14 15:23:40\" data-filename=\"10-2-800x450.jpg\" data-slide-type=\"image\"><img loading=\"lazy\" decoding=\"async\" src=\"http:\/\/www.ebc.gob.bo\/portal\/wp-content\/uploads\/2024\/06\/10-2-800x450.jpg\" height=\"450\" width=\"800\" alt=\"\" class=\"slider-3384 slide-3399 msDefaultImage\" title=\"10\" \/><\/li>\n                <li style=\"display: none; width: 100%;\" class=\"slide-3402 ms-image \" aria-roledescription=\"slide\" data-date=\"2024-06-14 15:23:43\" data-filename=\"15-2-800x450.jpg\" data-slide-type=\"image\"><img loading=\"lazy\" decoding=\"async\" src=\"http:\/\/www.ebc.gob.bo\/portal\/wp-content\/uploads\/2024\/06\/15-2-800x450.jpg\" height=\"450\" width=\"800\" alt=\"\" class=\"slider-3384 slide-3402 msDefaultImage\" title=\"15\" \/><\/li>\n                <li style=\"display: none; width: 100%;\" class=\"slide-3404 ms-image \" aria-roledescription=\"slide\" data-date=\"2024-06-14 15:23:45\" data-filename=\"23-800x450.jpg\" data-slide-type=\"image\"><img loading=\"lazy\" decoding=\"async\" src=\"http:\/\/www.ebc.gob.bo\/portal\/wp-content\/uploads\/2024\/06\/23-800x450.jpg\" height=\"450\" width=\"800\" alt=\"\" class=\"slider-3384 slide-3404 msDefaultImage\" title=\"23\" \/><\/li>\n                <li style=\"display: none; width: 100%;\" class=\"slide-3403 ms-image \" aria-roledescription=\"slide\" data-date=\"2024-06-14 15:23:44\" data-filename=\"16-1-800x450.jpg\" data-slide-type=\"image\"><img loading=\"lazy\" decoding=\"async\" src=\"http:\/\/www.ebc.gob.bo\/portal\/wp-content\/uploads\/2024\/06\/16-1-800x450.jpg\" height=\"450\" width=\"800\" alt=\"\" class=\"slider-3384 slide-3403 msDefaultImage\" title=\"16\" \/><\/li>\n            <\/ul>\n        <\/div>\n        \n    <\/div>\n<\/div><\/div>\n\n\n<p>\u00a0<\/p>\n<h6 style=\"text-align: justify;\">Tarija, 14 de junio de 2024. | En la jornada de ayer, se llev\u00f3 a cabo la <strong>entrega provisional de la carretera doble v\u00eda Yacuiba &#8211; Campo Pajoso en la regi\u00f3n del Gran Chaco<\/strong>, marcando un hito significativo en el desarrollo vial del departamento de Tarija. La primera fase de este importante proyecto de infraestructura fue presentada ante la Administradora Boliviana de Carreteras, quienes recorrieron los 3.46 kil\u00f3metros de la nueva v\u00eda. Esta carretera forma parte de la <strong>Red Vial Fundamental<\/strong> que conecta el Cruce Ruta N\u00ba F1 (Tarija) con el Cruce Ruta N\u00ba F9 (San Antonio Nuevo, Villa Montes), y establece rutas internacionales con la Rep\u00fablica de la Argentina, potenciando la integraci\u00f3n regional y el comercio transfronterizo.<\/h6>\n<p>\u00a0<\/p>\n\n\n<figure class=\"wp-block-image aligncenter size-large is-resized\"><img loading=\"lazy\" decoding=\"async\" width=\"1024\" height=\"576\" src=\"http:\/\/www.ebc.gob.bo\/portal\/wp-content\/uploads\/2024\/06\/15-2-1024x576.jpg\" alt=\"\" class=\"wp-image-3392\" style=\"width:474px;height:auto\" srcset=\"http:\/\/www.ebc.gob.bo\/portal\/wp-content\/uploads\/2024\/06\/15-2-1024x576.jpg 1024w, http:\/\/www.ebc.gob.bo\/portal\/wp-content\/uploads\/2024\/06\/15-2-300x169.jpg 300w, http:\/\/www.ebc.gob.bo\/portal\/wp-content\/uploads\/2024\/06\/15-2-768x432.jpg 768w, http:\/\/www.ebc.gob.bo\/portal\/wp-content\/uploads\/2024\/06\/15-2-800x450.jpg 800w, http:\/\/www.ebc.gob.bo\/portal\/wp-content\/uploads\/2024\/06\/15-2-620x349.jpg 620w, http:\/\/www.ebc.gob.bo\/portal\/wp-content\/uploads\/2024\/06\/15-2-400x225.jpg 400w, http:\/\/www.ebc.gob.bo\/portal\/wp-content\/uploads\/2024\/06\/15-2.jpg 2032w\" sizes=\"(max-width: 1024px) 100vw, 1024px\" \/><\/figure>\n\n\n<p>\u00a0<\/p>\n<h6 style=\"text-align: justify;\">Durante la inspecci\u00f3n, se conformaron equipos especializados para evaluar detalladamente los diferentes m\u00f3dulos de trabajo, incluyendo pavimento, drenaje, estructuras, se\u00f1alizaci\u00f3n y seguridad vial, iluminaci\u00f3n y aspectos medioambientales. Este proceso riguroso asegura que cada componente de la carretera cumpla con los est\u00e1ndares de calidad y seguridad requeridos; sin embargo, las comisiones hicieron algunas observaciones que se corregir\u00e1n en los tiempos establecidos.<\/h6>\n<p>\u00a0<\/p>\n\n\n<figure class=\"wp-block-image aligncenter size-large is-resized\"><img loading=\"lazy\" decoding=\"async\" width=\"1024\" height=\"576\" src=\"http:\/\/www.ebc.gob.bo\/portal\/wp-content\/uploads\/2024\/06\/9-1-1024x576.jpg\" alt=\"\" class=\"wp-image-3388\" style=\"width:476px;height:auto\" srcset=\"http:\/\/www.ebc.gob.bo\/portal\/wp-content\/uploads\/2024\/06\/9-1-1024x576.jpg 1024w, http:\/\/www.ebc.gob.bo\/portal\/wp-content\/uploads\/2024\/06\/9-1-300x169.jpg 300w, http:\/\/www.ebc.gob.bo\/portal\/wp-content\/uploads\/2024\/06\/9-1-768x432.jpg 768w, http:\/\/www.ebc.gob.bo\/portal\/wp-content\/uploads\/2024\/06\/9-1-800x450.jpg 800w, http:\/\/www.ebc.gob.bo\/portal\/wp-content\/uploads\/2024\/06\/9-1-620x349.jpg 620w, http:\/\/www.ebc.gob.bo\/portal\/wp-content\/uploads\/2024\/06\/9-1-400x225.jpg 400w, http:\/\/www.ebc.gob.bo\/portal\/wp-content\/uploads\/2024\/06\/9-1.jpg 2032w\" sizes=\"(max-width: 1024px) 100vw, 1024px\" \/><\/figure>\n\n\n<p>\u00a0<\/p>\n<h6 style=\"text-align: justify;\">La <strong>Empresa Boliviana de la Construcci\u00f3n Civil (EBC)<\/strong> se ha comprometido a corregir todas las observaciones existentes. Este per\u00edodo de ajustes y mejoras es crucial para garantizar que la carretera sea entregada de manera definitiva a la Administradora Boliviana de Carreteras (ABC) en condiciones \u00f3ptimas.<\/h6>\n<p>\u00a0<\/p>\n\n\n<figure class=\"wp-block-image aligncenter size-large is-resized\"><img loading=\"lazy\" decoding=\"async\" width=\"1024\" height=\"576\" src=\"http:\/\/www.ebc.gob.bo\/portal\/wp-content\/uploads\/2024\/06\/23-1024x576.jpg\" alt=\"\" class=\"wp-image-3394\" style=\"width:476px;height:auto\" srcset=\"http:\/\/www.ebc.gob.bo\/portal\/wp-content\/uploads\/2024\/06\/23-1024x576.jpg 1024w, http:\/\/www.ebc.gob.bo\/portal\/wp-content\/uploads\/2024\/06\/23-300x169.jpg 300w, http:\/\/www.ebc.gob.bo\/portal\/wp-content\/uploads\/2024\/06\/23-768x432.jpg 768w, http:\/\/www.ebc.gob.bo\/portal\/wp-content\/uploads\/2024\/06\/23-800x450.jpg 800w, http:\/\/www.ebc.gob.bo\/portal\/wp-content\/uploads\/2024\/06\/23-620x349.jpg 620w, http:\/\/www.ebc.gob.bo\/portal\/wp-content\/uploads\/2024\/06\/23-400x225.jpg 400w, http:\/\/www.ebc.gob.bo\/portal\/wp-content\/uploads\/2024\/06\/23.jpg 2032w\" sizes=\"(max-width: 1024px) 100vw, 1024px\" \/><\/figure>\n\n\n<p>\u00a0<\/p>\n<h6 style=\"text-align: justify;\">El proyecto se enmarca en la estrategia de desarrollo econ\u00f3mico y social del <strong>Gobierno nacional, liderada por el Presidente Luis Arce,<\/strong> que tiene como objetivo principal mejorar e incrementar la infraestructura vial nacional. Esta iniciativa tiene una <strong>inversi\u00f3n en su ejecuci\u00f3n de m\u00e1s de 129.2 millones de bolivianos<\/strong> con la finalidad de promocionar e incentivar las exportaciones, reduciendo los costos de transporte y promoviendo la integraci\u00f3n regional e internacional.<\/h6>\n<p>\u00a0<\/p>\n\n\n<figure class=\"wp-block-image aligncenter size-large is-resized\"><img loading=\"lazy\" decoding=\"async\" width=\"1024\" height=\"576\" src=\"http:\/\/www.ebc.gob.bo\/portal\/wp-content\/uploads\/2024\/06\/1-1-1024x576.jpg\" alt=\"\" class=\"wp-image-3385\" style=\"width:482px;height:auto\" srcset=\"http:\/\/www.ebc.gob.bo\/portal\/wp-content\/uploads\/2024\/06\/1-1-1024x576.jpg 1024w, http:\/\/www.ebc.gob.bo\/portal\/wp-content\/uploads\/2024\/06\/1-1-300x169.jpg 300w, http:\/\/www.ebc.gob.bo\/portal\/wp-content\/uploads\/2024\/06\/1-1-768x432.jpg 768w, http:\/\/www.ebc.gob.bo\/portal\/wp-content\/uploads\/2024\/06\/1-1-800x450.jpg 800w, http:\/\/www.ebc.gob.bo\/portal\/wp-content\/uploads\/2024\/06\/1-1-620x349.jpg 620w, http:\/\/www.ebc.gob.bo\/portal\/wp-content\/uploads\/2024\/06\/1-1-400x225.jpg 400w, http:\/\/www.ebc.gob.bo\/portal\/wp-content\/uploads\/2024\/06\/1-1.jpg 2032w\" sizes=\"(max-width: 1024px) 100vw, 1024px\" \/><\/figure>\n\n\n<p>\u00a0<\/p>\n<h5 style=\"text-align: justify;\"><strong>CARACTER\u00cdSTICAS:<\/strong><\/h5>\n<h6 style=\"text-align: justify;\">El proyecto tiene una longitud total de 3.46 Km, en doble v\u00eda de 6,92 km de pavimento r\u00edgido de 25 cm de espesor y una secci\u00f3n de 6 carriles. Las calzadas est\u00e1n separadas por una barrera tipo F (New Jersey), un ancho de calzada de 11.84 m, un ancho de carril de 3,50 m, un bombeo de secci\u00f3n transversal del 2,50%, bermas externas de 1.00 m, bermas internas de 0.80 m, altura vertical de 1.00 m, la ampliaci\u00f3n de los Puentes Ter\u00e1n y San Isidro, una doble v\u00eda de 6 carriles con longitudes de 27.60 y 30.60 m, adem\u00e1s de la construcci\u00f3n del viaducto Campo Grande con una longitud de 30.60 m. se considera como categor\u00eda de carretera autoruta, caracter\u00edsticas que garantizan la estructura vial de calidad y duradera.<\/h6>\n<p>\u00a0<\/p>\n\n\n<figure class=\"wp-block-image aligncenter size-large is-resized\"><img loading=\"lazy\" decoding=\"async\" width=\"1024\" height=\"576\" src=\"http:\/\/www.ebc.gob.bo\/portal\/wp-content\/uploads\/2024\/06\/2-1-1024x576.jpg\" alt=\"\" class=\"wp-image-3386\" style=\"width:472px;height:auto\" srcset=\"http:\/\/www.ebc.gob.bo\/portal\/wp-content\/uploads\/2024\/06\/2-1-1024x576.jpg 1024w, http:\/\/www.ebc.gob.bo\/portal\/wp-content\/uploads\/2024\/06\/2-1-300x169.jpg 300w, http:\/\/www.ebc.gob.bo\/portal\/wp-content\/uploads\/2024\/06\/2-1-768x432.jpg 768w, http:\/\/www.ebc.gob.bo\/portal\/wp-content\/uploads\/2024\/06\/2-1-800x450.jpg 800w, http:\/\/www.ebc.gob.bo\/portal\/wp-content\/uploads\/2024\/06\/2-1-620x349.jpg 620w, http:\/\/www.ebc.gob.bo\/portal\/wp-content\/uploads\/2024\/06\/2-1-400x225.jpg 400w, http:\/\/www.ebc.gob.bo\/portal\/wp-content\/uploads\/2024\/06\/2-1.jpg 2032w\" sizes=\"(max-width: 1024px) 100vw, 1024px\" \/><\/figure>\n\n\n<p>\u00a0<\/p>\n<h6 style=\"text-align: justify;\">La entrega provisional de esta carretera no solo representa un avance significativo en t\u00e9rminos de infraestructura, sino que tambi\u00e9n acerca a la regi\u00f3n a disfrutar de una ruta segura y eficiente para el transporte de personas y productos. Este proyecto refuerza el compromiso del gobierno y de la empresa constructora con el desarrollo y bienestar de la regi\u00f3n del Gran Chaco, asegurando mejores condiciones de movilidad y conectividad en el \u00e1rea.<\/h6>\n<p>\u00a0<\/p>","protected":false},"excerpt":{"rendered":"<p>\u00a0 Tarija, 14 de junio de 2024. | En la jornada de ayer, se llev\u00f3 a cabo la entrega provisional<\/p>\n","protected":false},"author":1,"featured_media":3407,"comment_status":"closed","ping_status":"closed","sticky":false,"template":"","format":"gallery","meta":{"colormag_page_layout":"default_layout","_joinchat":[],"footnotes":""},"categories":[17,10],"tags":[],"class_list":["post-3406","post","type-post","status-publish","format-gallery","has-post-thumbnail","hentry","category-comunicacion","category-general","post_format-post-format-gallery"],"aioseo_notices":[],"_links":{"self":[{"href":"http:\/\/www.ebc.gob.bo\/portal\/index.php\/wp-json\/wp\/v2\/posts\/3406","targetHints":{"allow":["GET"]}}],"collection":[{"href":"http:\/\/www.ebc.gob.bo\/portal\/index.php\/wp-json\/wp\/v2\/posts"}],"about":[{"href":"http:\/\/www.ebc.gob.bo\/portal\/index.php\/wp-json\/wp\/v2\/types\/post"}],"author":[{"embeddable":true,"href":"http:\/\/www.ebc.gob.bo\/portal\/index.php\/wp-json\/wp\/v2\/users\/1"}],"replies":[{"embeddable":true,"href":"http:\/\/www.ebc.gob.bo\/portal\/index.php\/wp-json\/wp\/v2\/comments?post=3406"}],"version-history":[{"count":1,"href":"http:\/\/www.ebc.gob.bo\/portal\/index.php\/wp-json\/wp\/v2\/posts\/3406\/revisions"}],"predecessor-version":[{"id":3408,"href":"http:\/\/www.ebc.gob.bo\/portal\/index.php\/wp-json\/wp\/v2\/posts\/3406\/revisions\/3408"}],"wp:featuredmedia":[{"embeddable":true,"href":"http:\/\/www.ebc.gob.bo\/portal\/index.php\/wp-json\/wp\/v2\/media\/3407"}],"wp:attachment":[{"href":"http:\/\/www.ebc.gob.bo\/portal\/index.php\/wp-json\/wp\/v2\/media?parent=3406"}],"wp:term":[{"taxonomy":"category","embeddable":true,"href":"http:\/\/www.ebc.gob.bo\/portal\/index.php\/wp-json\/wp\/v2\/categories?post=3406"},{"taxonomy":"post_tag","embeddable":true,"href":"http:\/\/www.ebc.gob.bo\/portal\/index.php\/wp-json\/wp\/v2\/tags?post=3406"}],"curies":[{"name":"wp","href":"https:\/\/api.w.org\/{rel}","templated":true}]}}