{"id":5441,"date":"2025-06-05T16:55:23","date_gmt":"2025-06-05T20:55:23","guid":{"rendered":"https:\/\/www.ebc.gob.bo\/portal\/?p=5441"},"modified":"2025-06-05T16:55:29","modified_gmt":"2025-06-05T20:55:29","slug":"dia-del-medio-ambiente","status":"publish","type":"post","link":"http:\/\/www.ebc.gob.bo\/portal\/index.php\/2025\/06\/05\/dia-del-medio-ambiente\/","title":{"rendered":"D\u00cdA DEL MEDIO AMBIENTE"},"content":{"rendered":"\n<p class=\"wp-block-paragraph\"><strong>Este 5 de junio, reafirmamos nuestro compromiso con el planeta \ud83c\udf0d: construimos carreteras sostenibles y amigables con el medio ambiente. \ud83c\udf3f\ud83d\udee3\ufe0f<\/strong><\/p>\n\n\n\n<figure class=\"wp-block-gallery has-nested-images columns-default is-cropped wp-block-gallery-1 is-layout-flex wp-block-gallery-is-layout-flex\"><\/figure>\n\n\n\n<figure class=\"wp-block-embed is-type-video is-provider-youtube wp-block-embed-youtube wp-embed-aspect-4-3 wp-has-aspect-ratio\"><div class=\"wp-block-embed__wrapper\">\n<iframe title=\"CONSTRUIMOS CARRETERAS SOSTENIBLES Y AMIGABLES CON EL MEDIO AMBIENTE\" width=\"800\" height=\"600\" src=\"https:\/\/www.youtube.com\/embed\/2LpoYGUgPdQ?feature=oembed\" frameborder=\"0\" allow=\"accelerometer; autoplay; clipboard-write; encrypted-media; gyroscope; picture-in-picture; web-share\" referrerpolicy=\"strict-origin-when-cross-origin\" allowfullscreen><\/iframe>\n<\/div><\/figure>\n","protected":false},"excerpt":{"rendered":"<p>Este 5 de junio, reafirmamos nuestro compromiso con el planeta \ud83c\udf0d: construimos carreteras sostenibles y amigables con el medio ambiente.<\/p>\n","protected":false},"author":1,"featured_media":5442,"comment_status":"closed","ping_status":"closed","sticky":false,"template":"","format":"gallery","meta":{"colormag_page_layout":"default_layout","_joinchat":[],"footnotes":""},"categories":[17,10,13,20],"tags":[],"class_list":["post-5441","post","type-post","status-publish","format-gallery","has-post-thumbnail","hentry","category-comunicacion","category-general","category-news","category-videos","post_format-post-format-gallery"],"aioseo_notices":[],"aioseo_head":"\n\t\t<!-- All in One SEO 5.0.1.1 - aioseo.com -->\n\t<meta name=\"description\" content=\"Este 5 de junio, reafirmamos nuestro compromiso con el planeta \ud83c\udf0d: construimos carreteras sostenibles y amigables con el medio ambiente. \ud83c\udf3f\ud83d\udee3\ufe0f\" \/>\n\t<meta name=\"robots\" content=\"max-image-preview:large\" \/>\n\t<meta name=\"author\" content=\"EBC\"\/>\n\t<link rel=\"canonical\" href=\"http:\/\/www.ebc.gob.bo\/portal\/index.php\/2025\/06\/05\/dia-del-medio-ambiente\/\" \/>\n\t<meta name=\"generator\" content=\"All in One SEO (AIOSEO) 5.0.1.1\" \/>\n\t\t<meta property=\"og:locale\" content=\"es_ES\" \/>\n\t\t<meta property=\"og:site_name\" content=\"EBC - Empresa Estrat\u00e9gica Boliviana de Construcci\u00f3n y Conservaci\u00f3n de Infraestructura Civil\" \/>\n\t\t<meta property=\"og:type\" content=\"article\" \/>\n\t\t<meta property=\"og:title\" content=\"D\u00cdA DEL MEDIO AMBIENTE - EBC\" \/>\n\t\t<meta property=\"og:description\" content=\"Este 5 de junio, reafirmamos nuestro compromiso con el planeta \ud83c\udf0d: construimos carreteras sostenibles y amigables con el medio ambiente. \ud83c\udf3f\ud83d\udee3\ufe0f\" \/>\n\t\t<meta property=\"og:url\" content=\"http:\/\/www.ebc.gob.bo\/portal\/index.php\/2025\/06\/05\/dia-del-medio-ambiente\/\" \/>\n\t\t<meta property=\"og:image\" content=\"http:\/\/www.ebc.gob.bo\/portal\/wp-content\/uploads\/2025\/06\/medio-ambi.jpg\" \/>\n\t\t<meta property=\"og:image:width\" content=\"1920\" \/>\n\t\t<meta property=\"og:image:height\" content=\"1080\" \/>\n\t\t<meta property=\"article:published_time\" content=\"2025-06-05T20:55:23+00:00\" \/>\n\t\t<meta property=\"article:modified_time\" content=\"2025-06-05T20:55:29+00:00\" \/>\n\t\t<meta property=\"article:publisher\" content=\"https:\/\/www.facebook.com\/share\/1M1SNLMFT3\/\" \/>\n\t\t<meta name=\"twitter:card\" content=\"summary_large_image\" \/>\n\t\t<meta name=\"twitter:site\" content=\"@bolivia_ebc\" \/>\n\t\t<meta name=\"twitter:title\" content=\"D\u00cdA DEL MEDIO AMBIENTE - EBC\" \/>\n\t\t<meta name=\"twitter:description\" content=\"Este 5 de junio, reafirmamos nuestro compromiso con el planeta \ud83c\udf0d: construimos carreteras sostenibles y amigables con el medio ambiente. \ud83c\udf3f\ud83d\udee3\ufe0f\" \/>\n\t\t<meta name=\"twitter:creator\" content=\"@bolivia_ebc\" \/>\n\t\t<meta name=\"twitter:image\" content=\"http:\/\/www.ebc.gob.bo\/portal\/wp-content\/uploads\/2025\/06\/medio-ambi.jpg\" \/>\n\t\t<script type=\"application\/ld+json\" class=\"aioseo-schema\">\n\t\t\t{\"@context\":\"https:\\\/\\\/schema.org\",\"@graph\":[{\"@type\":\"BlogPosting\",\"@id\":\"http:\\\/\\\/www.ebc.gob.bo\\\/portal\\\/index.php\\\/2025\\\/06\\\/05\\\/dia-del-medio-ambiente\\\/#blogposting\",\"name\":\"D\\u00cdA DEL MEDIO AMBIENTE - EBC\",\"headline\":\"D\\u00cdA DEL MEDIO AMBIENTE\",\"author\":{\"@id\":\"http:\\\/\\\/www.ebc.gob.bo\\\/portal\\\/index.php\\\/author\\\/admin\\\/#author\"},\"publisher\":{\"@id\":\"http:\\\/\\\/www.ebc.gob.bo\\\/portal\\\/#organization\"},\"image\":{\"@type\":\"ImageObject\",\"url\":\"http:\\\/\\\/www.ebc.gob.bo\\\/portal\\\/wp-content\\\/uploads\\\/2025\\\/06\\\/medio-ambi.jpg\",\"width\":1920,\"height\":1080},\"datePublished\":\"2025-06-05T16:55:23-04:00\",\"dateModified\":\"2025-06-05T16:55:29-04:00\",\"inLanguage\":\"es-ES\",\"mainEntityOfPage\":{\"@id\":\"http:\\\/\\\/www.ebc.gob.bo\\\/portal\\\/index.php\\\/2025\\\/06\\\/05\\\/dia-del-medio-ambiente\\\/#webpage\"},\"isPartOf\":{\"@id\":\"http:\\\/\\\/www.ebc.gob.bo\\\/portal\\\/index.php\\\/2025\\\/06\\\/05\\\/dia-del-medio-ambiente\\\/#webpage\"},\"articleSection\":\"Comunicaci\\u00f3n, General, News, Videos, Galer\\u00eda\"},{\"@type\":\"BreadcrumbList\",\"@id\":\"http:\\\/\\\/www.ebc.gob.bo\\\/portal\\\/index.php\\\/2025\\\/06\\\/05\\\/dia-del-medio-ambiente\\\/#breadcrumblist\",\"itemListElement\":[{\"@type\":\"ListItem\",\"@id\":\"http:\\\/\\\/www.ebc.gob.bo\\\/portal#listItem\",\"position\":1,\"name\":\"Inicio\",\"item\":\"http:\\\/\\\/www.ebc.gob.bo\\\/portal\",\"nextItem\":{\"@type\":\"ListItem\",\"@id\":\"http:\\\/\\\/www.ebc.gob.bo\\\/portal\\\/index.php\\\/category\\\/general\\\/#listItem\",\"name\":\"General\"}},{\"@type\":\"ListItem\",\"@id\":\"http:\\\/\\\/www.ebc.gob.bo\\\/portal\\\/index.php\\\/category\\\/general\\\/#listItem\",\"position\":2,\"name\":\"General\",\"item\":\"http:\\\/\\\/www.ebc.gob.bo\\\/portal\\\/index.php\\\/category\\\/general\\\/\",\"nextItem\":{\"@type\":\"ListItem\",\"@id\":\"http:\\\/\\\/www.ebc.gob.bo\\\/portal\\\/index.php\\\/2025\\\/06\\\/05\\\/dia-del-medio-ambiente\\\/#listItem\",\"name\":\"D\\u00cdA DEL MEDIO AMBIENTE\"},\"previousItem\":{\"@type\":\"ListItem\",\"@id\":\"http:\\\/\\\/www.ebc.gob.bo\\\/portal#listItem\",\"name\":\"Inicio\"}},{\"@type\":\"ListItem\",\"@id\":\"http:\\\/\\\/www.ebc.gob.bo\\\/portal\\\/index.php\\\/2025\\\/06\\\/05\\\/dia-del-medio-ambiente\\\/#listItem\",\"position\":3,\"name\":\"D\\u00cdA DEL MEDIO AMBIENTE\",\"previousItem\":{\"@type\":\"ListItem\",\"@id\":\"http:\\\/\\\/www.ebc.gob.bo\\\/portal\\\/index.php\\\/category\\\/general\\\/#listItem\",\"name\":\"General\"}}]},{\"@type\":\"Organization\",\"@id\":\"http:\\\/\\\/www.ebc.gob.bo\\\/portal\\\/#organization\",\"name\":\"EBC\",\"description\":\"Empresa Estrat\\u00e9gica Boliviana de Construcci\\u00f3n y Conservaci\\u00f3n de Infraestructura Civil\",\"url\":\"http:\\\/\\\/www.ebc.gob.bo\\\/portal\\\/\",\"logo\":{\"@type\":\"ImageObject\",\"url\":\"http:\\\/\\\/www.ebc.gob.bo\\\/portal\\\/wp-content\\\/uploads\\\/2026\\\/05\\\/Empresa-Estrategica-Boliviana-1.jpg\",\"@id\":\"http:\\\/\\\/www.ebc.gob.bo\\\/portal\\\/index.php\\\/2025\\\/06\\\/05\\\/dia-del-medio-ambiente\\\/#organizationLogo\",\"width\":1350,\"height\":204},\"image\":{\"@id\":\"http:\\\/\\\/www.ebc.gob.bo\\\/portal\\\/index.php\\\/2025\\\/06\\\/05\\\/dia-del-medio-ambiente\\\/#organizationLogo\"},\"sameAs\":[\"https:\\\/\\\/www.facebook.com\\\/share\\\/1M1SNLMFT3\\\/\",\"https:\\\/\\\/x.com\\\/bolivia_ebc?t=fbPl6a1W2RVzjPiUoQjL5w&s=09\",\"https:\\\/\\\/www.tiktok.com\\\/@ebc.bolivia?_t=ZM-8yQy3KsZgng&_r=1\"]},{\"@type\":\"Person\",\"@id\":\"http:\\\/\\\/www.ebc.gob.bo\\\/portal\\\/index.php\\\/author\\\/admin\\\/#author\",\"url\":\"http:\\\/\\\/www.ebc.gob.bo\\\/portal\\\/index.php\\\/author\\\/admin\\\/\",\"name\":\"EBC\"},{\"@type\":\"WebPage\",\"@id\":\"http:\\\/\\\/www.ebc.gob.bo\\\/portal\\\/index.php\\\/2025\\\/06\\\/05\\\/dia-del-medio-ambiente\\\/#webpage\",\"url\":\"http:\\\/\\\/www.ebc.gob.bo\\\/portal\\\/index.php\\\/2025\\\/06\\\/05\\\/dia-del-medio-ambiente\\\/\",\"name\":\"D\\u00cdA DEL MEDIO AMBIENTE - EBC\",\"description\":\"Este 5 de junio, reafirmamos nuestro compromiso con el planeta \\ud83c\\udf0d: construimos carreteras sostenibles y amigables con el medio ambiente. \\ud83c\\udf3f\\ud83d\\udee3\\ufe0f\",\"inLanguage\":\"es-ES\",\"isPartOf\":{\"@id\":\"http:\\\/\\\/www.ebc.gob.bo\\\/portal\\\/#website\"},\"breadcrumb\":{\"@id\":\"http:\\\/\\\/www.ebc.gob.bo\\\/portal\\\/index.php\\\/2025\\\/06\\\/05\\\/dia-del-medio-ambiente\\\/#breadcrumblist\"},\"author\":{\"@id\":\"http:\\\/\\\/www.ebc.gob.bo\\\/portal\\\/index.php\\\/author\\\/admin\\\/#author\"},\"creator\":{\"@id\":\"http:\\\/\\\/www.ebc.gob.bo\\\/portal\\\/index.php\\\/author\\\/admin\\\/#author\"},\"image\":{\"@type\":\"ImageObject\",\"url\":\"http:\\\/\\\/www.ebc.gob.bo\\\/portal\\\/wp-content\\\/uploads\\\/2025\\\/06\\\/medio-ambi.jpg\",\"@id\":\"http:\\\/\\\/www.ebc.gob.bo\\\/portal\\\/index.php\\\/2025\\\/06\\\/05\\\/dia-del-medio-ambiente\\\/#mainImage\",\"width\":1920,\"height\":1080},\"primaryImageOfPage\":{\"@id\":\"http:\\\/\\\/www.ebc.gob.bo\\\/portal\\\/index.php\\\/2025\\\/06\\\/05\\\/dia-del-medio-ambiente\\\/#mainImage\"},\"datePublished\":\"2025-06-05T16:55:23-04:00\",\"dateModified\":\"2025-06-05T16:55:29-04:00\"},{\"@type\":\"WebSite\",\"@id\":\"http:\\\/\\\/www.ebc.gob.bo\\\/portal\\\/#website\",\"url\":\"http:\\\/\\\/www.ebc.gob.bo\\\/portal\\\/\",\"name\":\"EBC\",\"description\":\"Empresa Estrat\\u00e9gica Boliviana de Construcci\\u00f3n y Conservaci\\u00f3n de Infraestructura Civil\",\"inLanguage\":\"es-ES\",\"publisher\":{\"@id\":\"http:\\\/\\\/www.ebc.gob.bo\\\/portal\\\/#organization\"}}]}\n\t\t<\/script>\n\t\t<!-- All in One SEO -->\n\n","aioseo_head_json":{"title":"D\u00cdA DEL MEDIO AMBIENTE - EBC","description":"Este 5 de junio, reafirmamos nuestro compromiso con el planeta \ud83c\udf0d: construimos carreteras sostenibles y amigables con el medio ambiente. \ud83c\udf3f\ud83d\udee3\ufe0f","canonical_url":"http:\/\/www.ebc.gob.bo\/portal\/index.php\/2025\/06\/05\/dia-del-medio-ambiente\/","robots":"max-image-preview:large","keywords":"","webmasterTools":{"miscellaneous":""},"schema":{"@context":"https:\/\/schema.org","@graph":[{"@type":"BlogPosting","@id":"http:\/\/www.ebc.gob.bo\/portal\/index.php\/2025\/06\/05\/dia-del-medio-ambiente\/#blogposting","name":"D\u00cdA DEL MEDIO AMBIENTE - EBC","headline":"D\u00cdA DEL MEDIO AMBIENTE","author":{"@id":"http:\/\/www.ebc.gob.bo\/portal\/index.php\/author\/admin\/#author"},"publisher":{"@id":"http:\/\/www.ebc.gob.bo\/portal\/#organization"},"image":{"@type":"ImageObject","url":"http:\/\/www.ebc.gob.bo\/portal\/wp-content\/uploads\/2025\/06\/medio-ambi.jpg","width":1920,"height":1080},"datePublished":"2025-06-05T16:55:23-04:00","dateModified":"2025-06-05T16:55:29-04:00","inLanguage":"es-ES","mainEntityOfPage":{"@id":"http:\/\/www.ebc.gob.bo\/portal\/index.php\/2025\/06\/05\/dia-del-medio-ambiente\/#webpage"},"isPartOf":{"@id":"http:\/\/www.ebc.gob.bo\/portal\/index.php\/2025\/06\/05\/dia-del-medio-ambiente\/#webpage"},"articleSection":"Comunicaci\u00f3n, General, News, Videos, Galer\u00eda"},{"@type":"BreadcrumbList","@id":"http:\/\/www.ebc.gob.bo\/portal\/index.php\/2025\/06\/05\/dia-del-medio-ambiente\/#breadcrumblist","itemListElement":[{"@type":"ListItem","@id":"http:\/\/www.ebc.gob.bo\/portal#listItem","position":1,"name":"Inicio","item":"http:\/\/www.ebc.gob.bo\/portal","nextItem":{"@type":"ListItem","@id":"http:\/\/www.ebc.gob.bo\/portal\/index.php\/category\/general\/#listItem","name":"General"}},{"@type":"ListItem","@id":"http:\/\/www.ebc.gob.bo\/portal\/index.php\/category\/general\/#listItem","position":2,"name":"General","item":"http:\/\/www.ebc.gob.bo\/portal\/index.php\/category\/general\/","nextItem":{"@type":"ListItem","@id":"http:\/\/www.ebc.gob.bo\/portal\/index.php\/2025\/06\/05\/dia-del-medio-ambiente\/#listItem","name":"D\u00cdA DEL MEDIO AMBIENTE"},"previousItem":{"@type":"ListItem","@id":"http:\/\/www.ebc.gob.bo\/portal#listItem","name":"Inicio"}},{"@type":"ListItem","@id":"http:\/\/www.ebc.gob.bo\/portal\/index.php\/2025\/06\/05\/dia-del-medio-ambiente\/#listItem","position":3,"name":"D\u00cdA DEL MEDIO AMBIENTE","previousItem":{"@type":"ListItem","@id":"http:\/\/www.ebc.gob.bo\/portal\/index.php\/category\/general\/#listItem","name":"General"}}]},{"@type":"Organization","@id":"http:\/\/www.ebc.gob.bo\/portal\/#organization","name":"EBC","description":"Empresa Estrat\u00e9gica Boliviana de Construcci\u00f3n y Conservaci\u00f3n de Infraestructura Civil","url":"http:\/\/www.ebc.gob.bo\/portal\/","logo":{"@type":"ImageObject","url":"http:\/\/www.ebc.gob.bo\/portal\/wp-content\/uploads\/2026\/05\/Empresa-Estrategica-Boliviana-1.jpg","@id":"http:\/\/www.ebc.gob.bo\/portal\/index.php\/2025\/06\/05\/dia-del-medio-ambiente\/#organizationLogo","width":1350,"height":204},"image":{"@id":"http:\/\/www.ebc.gob.bo\/portal\/index.php\/2025\/06\/05\/dia-del-medio-ambiente\/#organizationLogo"},"sameAs":["https:\/\/www.facebook.com\/share\/1M1SNLMFT3\/","https:\/\/x.com\/bolivia_ebc?t=fbPl6a1W2RVzjPiUoQjL5w&s=09","https:\/\/www.tiktok.com\/@ebc.bolivia?_t=ZM-8yQy3KsZgng&_r=1"]},{"@type":"Person","@id":"http:\/\/www.ebc.gob.bo\/portal\/index.php\/author\/admin\/#author","url":"http:\/\/www.ebc.gob.bo\/portal\/index.php\/author\/admin\/","name":"EBC"},{"@type":"WebPage","@id":"http:\/\/www.ebc.gob.bo\/portal\/index.php\/2025\/06\/05\/dia-del-medio-ambiente\/#webpage","url":"http:\/\/www.ebc.gob.bo\/portal\/index.php\/2025\/06\/05\/dia-del-medio-ambiente\/","name":"D\u00cdA DEL MEDIO AMBIENTE - EBC","description":"Este 5 de junio, reafirmamos nuestro compromiso con el planeta \ud83c\udf0d: construimos carreteras sostenibles y amigables con el medio ambiente. \ud83c\udf3f\ud83d\udee3\ufe0f","inLanguage":"es-ES","isPartOf":{"@id":"http:\/\/www.ebc.gob.bo\/portal\/#website"},"breadcrumb":{"@id":"http:\/\/www.ebc.gob.bo\/portal\/index.php\/2025\/06\/05\/dia-del-medio-ambiente\/#breadcrumblist"},"author":{"@id":"http:\/\/www.ebc.gob.bo\/portal\/index.php\/author\/admin\/#author"},"creator":{"@id":"http:\/\/www.ebc.gob.bo\/portal\/index.php\/author\/admin\/#author"},"image":{"@type":"ImageObject","url":"http:\/\/www.ebc.gob.bo\/portal\/wp-content\/uploads\/2025\/06\/medio-ambi.jpg","@id":"http:\/\/www.ebc.gob.bo\/portal\/index.php\/2025\/06\/05\/dia-del-medio-ambiente\/#mainImage","width":1920,"height":1080},"primaryImageOfPage":{"@id":"http:\/\/www.ebc.gob.bo\/portal\/index.php\/2025\/06\/05\/dia-del-medio-ambiente\/#mainImage"},"datePublished":"2025-06-05T16:55:23-04:00","dateModified":"2025-06-05T16:55:29-04:00"},{"@type":"WebSite","@id":"http:\/\/www.ebc.gob.bo\/portal\/#website","url":"http:\/\/www.ebc.gob.bo\/portal\/","name":"EBC","description":"Empresa Estrat\u00e9gica Boliviana de Construcci\u00f3n y Conservaci\u00f3n de Infraestructura Civil","inLanguage":"es-ES","publisher":{"@id":"http:\/\/www.ebc.gob.bo\/portal\/#organization"}}]},"og:locale":"es_ES","og:site_name":"EBC - Empresa Estrat\u00e9gica Boliviana de Construcci\u00f3n y Conservaci\u00f3n de Infraestructura Civil","og:type":"article","og:title":"D\u00cdA DEL MEDIO AMBIENTE - EBC","og:description":"Este 5 de junio, reafirmamos nuestro compromiso con el planeta \ud83c\udf0d: construimos carreteras sostenibles y amigables con el medio ambiente. \ud83c\udf3f\ud83d\udee3\ufe0f","og:url":"http:\/\/www.ebc.gob.bo\/portal\/index.php\/2025\/06\/05\/dia-del-medio-ambiente\/","og:image":"http:\/\/www.ebc.gob.bo\/portal\/wp-content\/uploads\/2025\/06\/medio-ambi.jpg","og:image:width":1920,"og:image:height":1080,"article:published_time":"2025-06-05T20:55:23+00:00","article:modified_time":"2025-06-05T20:55:29+00:00","article:publisher":"https:\/\/www.facebook.com\/share\/1M1SNLMFT3\/","twitter:card":"summary_large_image","twitter:site":"@bolivia_ebc","twitter:title":"D\u00cdA DEL MEDIO AMBIENTE - EBC","twitter:description":"Este 5 de junio, reafirmamos nuestro compromiso con el planeta \ud83c\udf0d: construimos carreteras sostenibles y amigables con el medio ambiente. \ud83c\udf3f\ud83d\udee3\ufe0f","twitter:creator":"@bolivia_ebc","twitter:image":"http:\/\/www.ebc.gob.bo\/portal\/wp-content\/uploads\/2025\/06\/medio-ambi.jpg"},"aioseo_meta_data":{"post_id":"5441","title":null,"description":null,"keywords":null,"keyphrases":{"focus":{"keyphrase":"","score":0,"analysis":{"keyphraseInTitle":{"score":0,"maxScore":9,"error":1}}},"additional":[]},"primary_term":null,"canonical_url":null,"og_title":null,"og_description":null,"og_object_type":"default","og_image_type":"default","og_image_url":null,"og_image_width":null,"og_image_height":null,"og_image_custom_url":null,"og_image_custom_fields":null,"og_video":"","og_custom_url":null,"og_article_section":null,"og_article_tags":null,"twitter_use_og":false,"twitter_card":"default","twitter_image_type":"default","twitter_image_url":null,"twitter_image_custom_url":null,"twitter_image_custom_fields":null,"twitter_title":null,"twitter_description":null,"schema":{"blockGraphs":[],"customGraphs":[],"default":{"data":{"Article":[],"Course":[],"Dataset":[],"FAQPage":[],"Movie":[],"Person":[],"Product":[],"ProductReview":[],"Car":[],"Recipe":[],"Service":[],"SoftwareApplication":[],"WebPage":[]},"graphName":"BlogPosting","isEnabled":true},"graphs":[]},"schema_type":"default","schema_type_options":null,"pillar_content":false,"robots_default":true,"robots_noindex":false,"robots_noarchive":false,"robots_nosnippet":false,"robots_nofollow":false,"robots_noimageindex":false,"robots_noodp":false,"robots_notranslate":false,"robots_max_snippet":"-1","robots_max_videopreview":"-1","robots_max_imagepreview":"large","priority":null,"frequency":"default","local_seo":null,"breadcrumb_settings":null,"limit_modified_date":false,"ai":null,"created":"2025-06-05 20:55:32","updated":"2026-04-26 08:49:15","focus_keyword":null,"additional_keywords":null,"truseo_locale":null,"seo_analyzer_scan_date":null},"aioseo_breadcrumb":"<div class=\"aioseo-breadcrumbs\"><span class=\"aioseo-breadcrumb\">\n\t\t\t<a href=\"http:\/\/www.ebc.gob.bo\/portal\" title=\"Inicio\">Inicio<\/a>\n\t\t<\/span><span class=\"aioseo-breadcrumb-separator\">&raquo;<\/span><span class=\"aioseo-breadcrumb\">\n\t\t\t<a href=\"http:\/\/www.ebc.gob.bo\/portal\/index.php\/category\/general\/\" title=\"General\">General<\/a>\n\t\t<\/span><span class=\"aioseo-breadcrumb-separator\">&raquo;<\/span><span class=\"aioseo-breadcrumb\">\n\t\t\tD\u00cdA DEL MEDIO AMBIENTE\n\t\t<\/span><\/div>","aioseo_breadcrumb_json":[{"label":"Inicio","link":"http:\/\/www.ebc.gob.bo\/portal"},{"label":"General","link":"http:\/\/www.ebc.gob.bo\/portal\/index.php\/category\/general\/"},{"label":"D\u00cdA DEL MEDIO AMBIENTE","link":"http:\/\/www.ebc.gob.bo\/portal\/index.php\/2025\/06\/05\/dia-del-medio-ambiente\/"}],"_links":{"self":[{"href":"http:\/\/www.ebc.gob.bo\/portal\/index.php\/wp-json\/wp\/v2\/posts\/5441","targetHints":{"allow":["GET"]}}],"collection":[{"href":"http:\/\/www.ebc.gob.bo\/portal\/index.php\/wp-json\/wp\/v2\/posts"}],"about":[{"href":"http:\/\/www.ebc.gob.bo\/portal\/index.php\/wp-json\/wp\/v2\/types\/post"}],"author":[{"embeddable":true,"href":"http:\/\/www.ebc.gob.bo\/portal\/index.php\/wp-json\/wp\/v2\/users\/1"}],"replies":[{"embeddable":true,"href":"http:\/\/www.ebc.gob.bo\/portal\/index.php\/wp-json\/wp\/v2\/comments?post=5441"}],"version-history":[{"count":1,"href":"http:\/\/www.ebc.gob.bo\/portal\/index.php\/wp-json\/wp\/v2\/posts\/5441\/revisions"}],"predecessor-version":[{"id":5443,"href":"http:\/\/www.ebc.gob.bo\/portal\/index.php\/wp-json\/wp\/v2\/posts\/5441\/revisions\/5443"}],"wp:featuredmedia":[{"embeddable":true,"href":"http:\/\/www.ebc.gob.bo\/portal\/index.php\/wp-json\/wp\/v2\/media\/5442"}],"wp:attachment":[{"href":"http:\/\/www.ebc.gob.bo\/portal\/index.php\/wp-json\/wp\/v2\/media?parent=5441"}],"wp:term":[{"taxonomy":"category","embeddable":true,"href":"http:\/\/www.ebc.gob.bo\/portal\/index.php\/wp-json\/wp\/v2\/categories?post=5441"},{"taxonomy":"post_tag","embeddable":true,"href":"http:\/\/www.ebc.gob.bo\/portal\/index.php\/wp-json\/wp\/v2\/tags?post=5441"}],"curies":[{"name":"wp","href":"https:\/\/api.w.org\/{rel}","templated":true}]}}