{"id":5654,"date":"2025-07-14T12:47:52","date_gmt":"2025-07-14T16:47:52","guid":{"rendered":"http:\/\/www.ebc.gob.bo\/portal\/?p=5654"},"modified":"2025-07-17T12:42:05","modified_gmt":"2025-07-17T16:42:05","slug":"rehabilitacion-tramo-ii-charazani-apolo","status":"publish","type":"post","link":"http:\/\/www.ebc.gob.bo\/portal\/index.php\/2025\/07\/14\/rehabilitacion-tramo-ii-charazani-apolo\/","title":{"rendered":"REHABILITACI\u00d3N TRAMO II \u00abCHARAZANI \u2013 APOLO\u00bb"},"content":{"rendered":"\n<figure class=\"wp-block-gallery has-nested-images columns-default is-cropped wp-block-gallery-1 is-layout-flex wp-block-gallery-is-layout-flex\"><\/figure>\n\n\n\n<div class=\"alignnormal\"><div id=\"metaslider-id-5640\" style=\"width: 100%;\" class=\"ml-slider-3-111-2 metaslider metaslider-flex metaslider-5640 ml-slider has-dots-nav ms-theme-default-base\" role=\"region\" aria-label=\"Charazani \u2013 Apolo\" data-height=\"1855\" data-width=\"2784\">\n    <div id=\"metaslider_container_5640\">\n        <div id=\"metaslider_5640\">\n            <ul class='slides'>\n                <li style=\"display: block; width: 100%;\" class=\"slide-5647 ms-image \" aria-roledescription=\"slide\" data-date=\"2025-07-14 12:38:17\" data-filename=\"Charazani-apolo-1-1715x1143.jpg\" data-slide-type=\"image\"><img fetchpriority=\"high\" decoding=\"async\" src=\"http:\/\/www.ebc.gob.bo\/portal\/wp-content\/uploads\/2025\/07\/Charazani-apolo-1-1715x1143.jpg\" height=\"1855\" width=\"2784\" alt=\"\" class=\"slider-5640 slide-5647 msDefaultImage\" title=\"Charazani-apolo-1\" \/><\/li>\n                <li style=\"display: none; width: 100%;\" class=\"slide-5648 ms-image \" aria-roledescription=\"slide\" data-date=\"2025-07-14 12:38:18\" data-filename=\"Charazani-apolo-2-1715x1143.jpg\" data-slide-type=\"image\"><img decoding=\"async\" src=\"http:\/\/www.ebc.gob.bo\/portal\/wp-content\/uploads\/2025\/07\/Charazani-apolo-2-1715x1143.jpg\" height=\"1855\" width=\"2784\" alt=\"\" class=\"slider-5640 slide-5648 msDefaultImage\" title=\"Charazani-apolo-2\" \/><\/li>\n                <li style=\"display: none; width: 100%;\" class=\"slide-5649 ms-image \" aria-roledescription=\"slide\" data-date=\"2025-07-14 12:38:19\" data-filename=\"Charazani-apolo-3-1715x1143.jpg\" data-slide-type=\"image\"><img decoding=\"async\" src=\"http:\/\/www.ebc.gob.bo\/portal\/wp-content\/uploads\/2025\/07\/Charazani-apolo-3-1715x1143.jpg\" height=\"1855\" width=\"2784\" alt=\"\" class=\"slider-5640 slide-5649 msDefaultImage\" title=\"Charazani-apolo-3\" \/><\/li>\n                <li style=\"display: none; width: 100%;\" class=\"slide-5650 ms-image \" aria-roledescription=\"slide\" data-date=\"2025-07-14 12:38:20\" data-filename=\"Charazani-apolo-4-1715x1143.jpg\" data-slide-type=\"image\"><img loading=\"lazy\" decoding=\"async\" src=\"http:\/\/www.ebc.gob.bo\/portal\/wp-content\/uploads\/2025\/07\/Charazani-apolo-4-1715x1143.jpg\" height=\"1855\" width=\"2784\" alt=\"\" class=\"slider-5640 slide-5650 msDefaultImage\" title=\"Charazani-apolo-4\" \/><\/li>\n                <li style=\"display: none; width: 100%;\" class=\"slide-5651 ms-image \" aria-roledescription=\"slide\" data-date=\"2025-07-14 12:38:21\" data-filename=\"Charazani-apolo-5-1715x1143.jpg\" data-slide-type=\"image\"><img loading=\"lazy\" decoding=\"async\" src=\"http:\/\/www.ebc.gob.bo\/portal\/wp-content\/uploads\/2025\/07\/Charazani-apolo-5-1715x1143.jpg\" height=\"1855\" width=\"2784\" alt=\"\" class=\"slider-5640 slide-5651 msDefaultImage\" title=\"Charazani-apolo-5\" \/><\/li>\n                <li style=\"display: none; width: 100%;\" class=\"slide-5652 ms-image \" aria-roledescription=\"slide\" data-date=\"2025-07-14 12:38:22\" data-filename=\"Charazani-apolo-6-1715x1143.jpg\" data-slide-type=\"image\"><img loading=\"lazy\" decoding=\"async\" src=\"http:\/\/www.ebc.gob.bo\/portal\/wp-content\/uploads\/2025\/07\/Charazani-apolo-6-1715x1143.jpg\" height=\"1855\" width=\"2784\" alt=\"\" class=\"slider-5640 slide-5652 msDefaultImage\" title=\"Charazani-apolo-6\" \/><\/li>\n            <\/ul>\n        <\/div>\n        \n    <\/div>\n<\/div><\/div>\n\n\n<p>\u00a0<\/p>\n<p>Con la finalidad de garantizar una soluci\u00f3n definitiva a los da\u00f1os causados por fen\u00f3menos naturales y asegurar la transitabilidad permanente en el norte del departamento de La Paz, se avanza en el proceso de contrataci\u00f3n para la ejecuci\u00f3n del proyecto de rehabilitaci\u00f3n del tramo II Charazani \u2013 Apolo, con una longitud de 58,5 km, parte de la Red Vial Fundamental.<\/p>\n<p>Esta importante obra contempla la reconstrucci\u00f3n integral de la plataforma vial, la implementaci\u00f3n de medidas de protecci\u00f3n contra la erosi\u00f3n, la rehabilitaci\u00f3n del sistema de drenajes y el refuerzo de taludes. Con estas acciones, se mitigar\u00e1n riesgos como deslizamientos, hundimientos y posibles crecidas del r\u00edo Charazani, asegurando el tr\u00e1nsito y desarrollo de las provincias Bautista Saavedra y Franz Tamayo<\/p>\n\n\n<p class=\"wp-block-paragraph\"><\/p>\n","protected":false},"excerpt":{"rendered":"<p>\u00a0 Con la finalidad de garantizar una soluci\u00f3n definitiva a los da\u00f1os causados por fen\u00f3menos naturales y asegurar la transitabilidad<\/p>\n","protected":false},"author":1,"featured_media":5655,"comment_status":"closed","ping_status":"closed","sticky":false,"template":"","format":"gallery","meta":{"colormag_page_layout":"default_layout","_joinchat":[],"footnotes":""},"categories":[10,11],"tags":[],"class_list":["post-5654","post","type-post","status-publish","format-gallery","has-post-thumbnail","hentry","category-general","category-health","post_format-post-format-gallery"],"aioseo_notices":[],"aioseo_head":"\n\t\t<!-- All in One SEO 5.0.1.1 - aioseo.com -->\n\t<meta name=\"description\" content=\"Con la finalidad de garantizar una soluci\u00f3n definitiva a los da\u00f1os causados por fen\u00f3menos naturales y asegurar la transitabilidad permanente en el norte del departamento de La Paz, se avanza en el proceso de contrataci\u00f3n para la ejecuci\u00f3n del proyecto de rehabilitaci\u00f3n del tramo II Charazani \u2013 Apolo, con una longitud de 58,5 km,\" \/>\n\t<meta name=\"robots\" content=\"max-image-preview:large\" \/>\n\t<meta name=\"author\" content=\"EBC\"\/>\n\t<link rel=\"canonical\" href=\"http:\/\/www.ebc.gob.bo\/portal\/index.php\/2025\/07\/14\/rehabilitacion-tramo-ii-charazani-apolo\/\" \/>\n\t<meta name=\"generator\" content=\"All in One SEO (AIOSEO) 5.0.1.1\" \/>\n\t\t<meta property=\"og:locale\" content=\"es_ES\" \/>\n\t\t<meta property=\"og:site_name\" content=\"EBC - Empresa Estrat\u00e9gica Boliviana de Construcci\u00f3n y Conservaci\u00f3n de Infraestructura Civil\" \/>\n\t\t<meta property=\"og:type\" content=\"article\" \/>\n\t\t<meta property=\"og:title\" content=\"REHABILITACI\u00d3N TRAMO II \u00abCHARAZANI \u2013 APOLO\u00bb - EBC\" \/>\n\t\t<meta property=\"og:description\" content=\"Con la finalidad de garantizar una soluci\u00f3n definitiva a los da\u00f1os causados por fen\u00f3menos naturales y asegurar la transitabilidad permanente en el norte del departamento de La Paz, se avanza en el proceso de contrataci\u00f3n para la ejecuci\u00f3n del proyecto de rehabilitaci\u00f3n del tramo II Charazani \u2013 Apolo, con una longitud de 58,5 km,\" \/>\n\t\t<meta property=\"og:url\" content=\"http:\/\/www.ebc.gob.bo\/portal\/index.php\/2025\/07\/14\/rehabilitacion-tramo-ii-charazani-apolo\/\" \/>\n\t\t<meta property=\"og:image\" content=\"http:\/\/www.ebc.gob.bo\/portal\/wp-content\/uploads\/2025\/07\/Charazani-apolo-7.jpg\" \/>\n\t\t<meta property=\"og:image:width\" content=\"1716\" \/>\n\t\t<meta property=\"og:image:height\" content=\"1143\" \/>\n\t\t<meta property=\"article:published_time\" content=\"2025-07-14T16:47:52+00:00\" \/>\n\t\t<meta property=\"article:modified_time\" content=\"2025-07-17T16:42:05+00:00\" \/>\n\t\t<meta property=\"article:publisher\" content=\"https:\/\/www.facebook.com\/share\/1M1SNLMFT3\/\" \/>\n\t\t<meta name=\"twitter:card\" content=\"summary_large_image\" \/>\n\t\t<meta name=\"twitter:site\" content=\"@bolivia_ebc\" \/>\n\t\t<meta name=\"twitter:title\" content=\"REHABILITACI\u00d3N TRAMO II \u00abCHARAZANI \u2013 APOLO\u00bb - EBC\" \/>\n\t\t<meta name=\"twitter:description\" content=\"Con la finalidad de garantizar una soluci\u00f3n definitiva a los da\u00f1os causados por fen\u00f3menos naturales y asegurar la transitabilidad permanente en el norte del departamento de La Paz, se avanza en el proceso de contrataci\u00f3n para la ejecuci\u00f3n del proyecto de rehabilitaci\u00f3n del tramo II Charazani \u2013 Apolo, con una longitud de 58,5 km,\" \/>\n\t\t<meta name=\"twitter:creator\" content=\"@bolivia_ebc\" \/>\n\t\t<meta name=\"twitter:image\" content=\"http:\/\/www.ebc.gob.bo\/portal\/wp-content\/uploads\/2025\/07\/Charazani-apolo-7.jpg\" \/>\n\t\t<script type=\"application\/ld+json\" class=\"aioseo-schema\">\n\t\t\t{\"@context\":\"https:\\\/\\\/schema.org\",\"@graph\":[{\"@type\":\"BlogPosting\",\"@id\":\"http:\\\/\\\/www.ebc.gob.bo\\\/portal\\\/index.php\\\/2025\\\/07\\\/14\\\/rehabilitacion-tramo-ii-charazani-apolo\\\/#blogposting\",\"name\":\"REHABILITACI\\u00d3N TRAMO II \\u00abCHARAZANI \\u2013 APOLO\\u00bb - EBC\",\"headline\":\"REHABILITACI\\u00d3N TRAMO II \\u00abCHARAZANI \\u2013 APOLO\\u00bb\",\"author\":{\"@id\":\"http:\\\/\\\/www.ebc.gob.bo\\\/portal\\\/index.php\\\/author\\\/admin\\\/#author\"},\"publisher\":{\"@id\":\"http:\\\/\\\/www.ebc.gob.bo\\\/portal\\\/#organization\"},\"image\":{\"@type\":\"ImageObject\",\"url\":\"http:\\\/\\\/www.ebc.gob.bo\\\/portal\\\/wp-content\\\/uploads\\\/2025\\\/07\\\/Charazani-apolo-7.jpg\",\"width\":1716,\"height\":1143},\"datePublished\":\"2025-07-14T12:47:52-04:00\",\"dateModified\":\"2025-07-17T12:42:05-04:00\",\"inLanguage\":\"es-ES\",\"mainEntityOfPage\":{\"@id\":\"http:\\\/\\\/www.ebc.gob.bo\\\/portal\\\/index.php\\\/2025\\\/07\\\/14\\\/rehabilitacion-tramo-ii-charazani-apolo\\\/#webpage\"},\"isPartOf\":{\"@id\":\"http:\\\/\\\/www.ebc.gob.bo\\\/portal\\\/index.php\\\/2025\\\/07\\\/14\\\/rehabilitacion-tramo-ii-charazani-apolo\\\/#webpage\"},\"articleSection\":\"General, Proyectos, Galer\\u00eda\"},{\"@type\":\"BreadcrumbList\",\"@id\":\"http:\\\/\\\/www.ebc.gob.bo\\\/portal\\\/index.php\\\/2025\\\/07\\\/14\\\/rehabilitacion-tramo-ii-charazani-apolo\\\/#breadcrumblist\",\"itemListElement\":[{\"@type\":\"ListItem\",\"@id\":\"http:\\\/\\\/www.ebc.gob.bo\\\/portal#listItem\",\"position\":1,\"name\":\"Inicio\",\"item\":\"http:\\\/\\\/www.ebc.gob.bo\\\/portal\",\"nextItem\":{\"@type\":\"ListItem\",\"@id\":\"http:\\\/\\\/www.ebc.gob.bo\\\/portal\\\/index.php\\\/category\\\/general\\\/#listItem\",\"name\":\"General\"}},{\"@type\":\"ListItem\",\"@id\":\"http:\\\/\\\/www.ebc.gob.bo\\\/portal\\\/index.php\\\/category\\\/general\\\/#listItem\",\"position\":2,\"name\":\"General\",\"item\":\"http:\\\/\\\/www.ebc.gob.bo\\\/portal\\\/index.php\\\/category\\\/general\\\/\",\"nextItem\":{\"@type\":\"ListItem\",\"@id\":\"http:\\\/\\\/www.ebc.gob.bo\\\/portal\\\/index.php\\\/2025\\\/07\\\/14\\\/rehabilitacion-tramo-ii-charazani-apolo\\\/#listItem\",\"name\":\"REHABILITACI\\u00d3N TRAMO II \\u00abCHARAZANI \\u2013 APOLO\\u00bb\"},\"previousItem\":{\"@type\":\"ListItem\",\"@id\":\"http:\\\/\\\/www.ebc.gob.bo\\\/portal#listItem\",\"name\":\"Inicio\"}},{\"@type\":\"ListItem\",\"@id\":\"http:\\\/\\\/www.ebc.gob.bo\\\/portal\\\/index.php\\\/2025\\\/07\\\/14\\\/rehabilitacion-tramo-ii-charazani-apolo\\\/#listItem\",\"position\":3,\"name\":\"REHABILITACI\\u00d3N TRAMO II \\u00abCHARAZANI \\u2013 APOLO\\u00bb\",\"previousItem\":{\"@type\":\"ListItem\",\"@id\":\"http:\\\/\\\/www.ebc.gob.bo\\\/portal\\\/index.php\\\/category\\\/general\\\/#listItem\",\"name\":\"General\"}}]},{\"@type\":\"Organization\",\"@id\":\"http:\\\/\\\/www.ebc.gob.bo\\\/portal\\\/#organization\",\"name\":\"EBC\",\"description\":\"Empresa Estrat\\u00e9gica Boliviana de Construcci\\u00f3n y Conservaci\\u00f3n de Infraestructura Civil\",\"url\":\"http:\\\/\\\/www.ebc.gob.bo\\\/portal\\\/\",\"logo\":{\"@type\":\"ImageObject\",\"url\":\"http:\\\/\\\/www.ebc.gob.bo\\\/portal\\\/wp-content\\\/uploads\\\/2026\\\/05\\\/Empresa-Estrategica-Boliviana-1.jpg\",\"@id\":\"http:\\\/\\\/www.ebc.gob.bo\\\/portal\\\/index.php\\\/2025\\\/07\\\/14\\\/rehabilitacion-tramo-ii-charazani-apolo\\\/#organizationLogo\",\"width\":1350,\"height\":204},\"image\":{\"@id\":\"http:\\\/\\\/www.ebc.gob.bo\\\/portal\\\/index.php\\\/2025\\\/07\\\/14\\\/rehabilitacion-tramo-ii-charazani-apolo\\\/#organizationLogo\"},\"sameAs\":[\"https:\\\/\\\/www.facebook.com\\\/share\\\/1M1SNLMFT3\\\/\",\"https:\\\/\\\/x.com\\\/bolivia_ebc?t=fbPl6a1W2RVzjPiUoQjL5w&s=09\",\"https:\\\/\\\/www.tiktok.com\\\/@ebc.bolivia?_t=ZM-8yQy3KsZgng&_r=1\"]},{\"@type\":\"Person\",\"@id\":\"http:\\\/\\\/www.ebc.gob.bo\\\/portal\\\/index.php\\\/author\\\/admin\\\/#author\",\"url\":\"http:\\\/\\\/www.ebc.gob.bo\\\/portal\\\/index.php\\\/author\\\/admin\\\/\",\"name\":\"EBC\"},{\"@type\":\"WebPage\",\"@id\":\"http:\\\/\\\/www.ebc.gob.bo\\\/portal\\\/index.php\\\/2025\\\/07\\\/14\\\/rehabilitacion-tramo-ii-charazani-apolo\\\/#webpage\",\"url\":\"http:\\\/\\\/www.ebc.gob.bo\\\/portal\\\/index.php\\\/2025\\\/07\\\/14\\\/rehabilitacion-tramo-ii-charazani-apolo\\\/\",\"name\":\"REHABILITACI\\u00d3N TRAMO II \\u00abCHARAZANI \\u2013 APOLO\\u00bb - EBC\",\"description\":\"Con la finalidad de garantizar una soluci\\u00f3n definitiva a los da\\u00f1os causados por fen\\u00f3menos naturales y asegurar la transitabilidad permanente en el norte del departamento de La Paz, se avanza en el proceso de contrataci\\u00f3n para la ejecuci\\u00f3n del proyecto de rehabilitaci\\u00f3n del tramo II Charazani \\u2013 Apolo, con una longitud de 58,5 km,\",\"inLanguage\":\"es-ES\",\"isPartOf\":{\"@id\":\"http:\\\/\\\/www.ebc.gob.bo\\\/portal\\\/#website\"},\"breadcrumb\":{\"@id\":\"http:\\\/\\\/www.ebc.gob.bo\\\/portal\\\/index.php\\\/2025\\\/07\\\/14\\\/rehabilitacion-tramo-ii-charazani-apolo\\\/#breadcrumblist\"},\"author\":{\"@id\":\"http:\\\/\\\/www.ebc.gob.bo\\\/portal\\\/index.php\\\/author\\\/admin\\\/#author\"},\"creator\":{\"@id\":\"http:\\\/\\\/www.ebc.gob.bo\\\/portal\\\/index.php\\\/author\\\/admin\\\/#author\"},\"image\":{\"@type\":\"ImageObject\",\"url\":\"http:\\\/\\\/www.ebc.gob.bo\\\/portal\\\/wp-content\\\/uploads\\\/2025\\\/07\\\/Charazani-apolo-7.jpg\",\"@id\":\"http:\\\/\\\/www.ebc.gob.bo\\\/portal\\\/index.php\\\/2025\\\/07\\\/14\\\/rehabilitacion-tramo-ii-charazani-apolo\\\/#mainImage\",\"width\":1716,\"height\":1143},\"primaryImageOfPage\":{\"@id\":\"http:\\\/\\\/www.ebc.gob.bo\\\/portal\\\/index.php\\\/2025\\\/07\\\/14\\\/rehabilitacion-tramo-ii-charazani-apolo\\\/#mainImage\"},\"datePublished\":\"2025-07-14T12:47:52-04:00\",\"dateModified\":\"2025-07-17T12:42:05-04:00\"},{\"@type\":\"WebSite\",\"@id\":\"http:\\\/\\\/www.ebc.gob.bo\\\/portal\\\/#website\",\"url\":\"http:\\\/\\\/www.ebc.gob.bo\\\/portal\\\/\",\"name\":\"EBC\",\"description\":\"Empresa Estrat\\u00e9gica Boliviana de Construcci\\u00f3n y Conservaci\\u00f3n de Infraestructura Civil\",\"inLanguage\":\"es-ES\",\"publisher\":{\"@id\":\"http:\\\/\\\/www.ebc.gob.bo\\\/portal\\\/#organization\"}}]}\n\t\t<\/script>\n\t\t<!-- All in One SEO -->\n\n","aioseo_head_json":{"title":"REHABILITACI\u00d3N TRAMO II \u00abCHARAZANI \u2013 APOLO\u00bb - EBC","description":"Con la finalidad de garantizar una soluci\u00f3n definitiva a los da\u00f1os causados por fen\u00f3menos naturales y asegurar la transitabilidad permanente en el norte del departamento de La Paz, se avanza en el proceso de contrataci\u00f3n para la ejecuci\u00f3n del proyecto de rehabilitaci\u00f3n del tramo II Charazani \u2013 Apolo, con una longitud de 58,5 km,","canonical_url":"http:\/\/www.ebc.gob.bo\/portal\/index.php\/2025\/07\/14\/rehabilitacion-tramo-ii-charazani-apolo\/","robots":"max-image-preview:large","keywords":"","webmasterTools":{"miscellaneous":""},"schema":{"@context":"https:\/\/schema.org","@graph":[{"@type":"BlogPosting","@id":"http:\/\/www.ebc.gob.bo\/portal\/index.php\/2025\/07\/14\/rehabilitacion-tramo-ii-charazani-apolo\/#blogposting","name":"REHABILITACI\u00d3N TRAMO II \u00abCHARAZANI \u2013 APOLO\u00bb - EBC","headline":"REHABILITACI\u00d3N TRAMO II \u00abCHARAZANI \u2013 APOLO\u00bb","author":{"@id":"http:\/\/www.ebc.gob.bo\/portal\/index.php\/author\/admin\/#author"},"publisher":{"@id":"http:\/\/www.ebc.gob.bo\/portal\/#organization"},"image":{"@type":"ImageObject","url":"http:\/\/www.ebc.gob.bo\/portal\/wp-content\/uploads\/2025\/07\/Charazani-apolo-7.jpg","width":1716,"height":1143},"datePublished":"2025-07-14T12:47:52-04:00","dateModified":"2025-07-17T12:42:05-04:00","inLanguage":"es-ES","mainEntityOfPage":{"@id":"http:\/\/www.ebc.gob.bo\/portal\/index.php\/2025\/07\/14\/rehabilitacion-tramo-ii-charazani-apolo\/#webpage"},"isPartOf":{"@id":"http:\/\/www.ebc.gob.bo\/portal\/index.php\/2025\/07\/14\/rehabilitacion-tramo-ii-charazani-apolo\/#webpage"},"articleSection":"General, Proyectos, Galer\u00eda"},{"@type":"BreadcrumbList","@id":"http:\/\/www.ebc.gob.bo\/portal\/index.php\/2025\/07\/14\/rehabilitacion-tramo-ii-charazani-apolo\/#breadcrumblist","itemListElement":[{"@type":"ListItem","@id":"http:\/\/www.ebc.gob.bo\/portal#listItem","position":1,"name":"Inicio","item":"http:\/\/www.ebc.gob.bo\/portal","nextItem":{"@type":"ListItem","@id":"http:\/\/www.ebc.gob.bo\/portal\/index.php\/category\/general\/#listItem","name":"General"}},{"@type":"ListItem","@id":"http:\/\/www.ebc.gob.bo\/portal\/index.php\/category\/general\/#listItem","position":2,"name":"General","item":"http:\/\/www.ebc.gob.bo\/portal\/index.php\/category\/general\/","nextItem":{"@type":"ListItem","@id":"http:\/\/www.ebc.gob.bo\/portal\/index.php\/2025\/07\/14\/rehabilitacion-tramo-ii-charazani-apolo\/#listItem","name":"REHABILITACI\u00d3N TRAMO II \u00abCHARAZANI \u2013 APOLO\u00bb"},"previousItem":{"@type":"ListItem","@id":"http:\/\/www.ebc.gob.bo\/portal#listItem","name":"Inicio"}},{"@type":"ListItem","@id":"http:\/\/www.ebc.gob.bo\/portal\/index.php\/2025\/07\/14\/rehabilitacion-tramo-ii-charazani-apolo\/#listItem","position":3,"name":"REHABILITACI\u00d3N TRAMO II \u00abCHARAZANI \u2013 APOLO\u00bb","previousItem":{"@type":"ListItem","@id":"http:\/\/www.ebc.gob.bo\/portal\/index.php\/category\/general\/#listItem","name":"General"}}]},{"@type":"Organization","@id":"http:\/\/www.ebc.gob.bo\/portal\/#organization","name":"EBC","description":"Empresa Estrat\u00e9gica Boliviana de Construcci\u00f3n y Conservaci\u00f3n de Infraestructura Civil","url":"http:\/\/www.ebc.gob.bo\/portal\/","logo":{"@type":"ImageObject","url":"http:\/\/www.ebc.gob.bo\/portal\/wp-content\/uploads\/2026\/05\/Empresa-Estrategica-Boliviana-1.jpg","@id":"http:\/\/www.ebc.gob.bo\/portal\/index.php\/2025\/07\/14\/rehabilitacion-tramo-ii-charazani-apolo\/#organizationLogo","width":1350,"height":204},"image":{"@id":"http:\/\/www.ebc.gob.bo\/portal\/index.php\/2025\/07\/14\/rehabilitacion-tramo-ii-charazani-apolo\/#organizationLogo"},"sameAs":["https:\/\/www.facebook.com\/share\/1M1SNLMFT3\/","https:\/\/x.com\/bolivia_ebc?t=fbPl6a1W2RVzjPiUoQjL5w&s=09","https:\/\/www.tiktok.com\/@ebc.bolivia?_t=ZM-8yQy3KsZgng&_r=1"]},{"@type":"Person","@id":"http:\/\/www.ebc.gob.bo\/portal\/index.php\/author\/admin\/#author","url":"http:\/\/www.ebc.gob.bo\/portal\/index.php\/author\/admin\/","name":"EBC"},{"@type":"WebPage","@id":"http:\/\/www.ebc.gob.bo\/portal\/index.php\/2025\/07\/14\/rehabilitacion-tramo-ii-charazani-apolo\/#webpage","url":"http:\/\/www.ebc.gob.bo\/portal\/index.php\/2025\/07\/14\/rehabilitacion-tramo-ii-charazani-apolo\/","name":"REHABILITACI\u00d3N TRAMO II \u00abCHARAZANI \u2013 APOLO\u00bb - EBC","description":"Con la finalidad de garantizar una soluci\u00f3n definitiva a los da\u00f1os causados por fen\u00f3menos naturales y asegurar la transitabilidad permanente en el norte del departamento de La Paz, se avanza en el proceso de contrataci\u00f3n para la ejecuci\u00f3n del proyecto de rehabilitaci\u00f3n del tramo II Charazani \u2013 Apolo, con una longitud de 58,5 km,","inLanguage":"es-ES","isPartOf":{"@id":"http:\/\/www.ebc.gob.bo\/portal\/#website"},"breadcrumb":{"@id":"http:\/\/www.ebc.gob.bo\/portal\/index.php\/2025\/07\/14\/rehabilitacion-tramo-ii-charazani-apolo\/#breadcrumblist"},"author":{"@id":"http:\/\/www.ebc.gob.bo\/portal\/index.php\/author\/admin\/#author"},"creator":{"@id":"http:\/\/www.ebc.gob.bo\/portal\/index.php\/author\/admin\/#author"},"image":{"@type":"ImageObject","url":"http:\/\/www.ebc.gob.bo\/portal\/wp-content\/uploads\/2025\/07\/Charazani-apolo-7.jpg","@id":"http:\/\/www.ebc.gob.bo\/portal\/index.php\/2025\/07\/14\/rehabilitacion-tramo-ii-charazani-apolo\/#mainImage","width":1716,"height":1143},"primaryImageOfPage":{"@id":"http:\/\/www.ebc.gob.bo\/portal\/index.php\/2025\/07\/14\/rehabilitacion-tramo-ii-charazani-apolo\/#mainImage"},"datePublished":"2025-07-14T12:47:52-04:00","dateModified":"2025-07-17T12:42:05-04:00"},{"@type":"WebSite","@id":"http:\/\/www.ebc.gob.bo\/portal\/#website","url":"http:\/\/www.ebc.gob.bo\/portal\/","name":"EBC","description":"Empresa Estrat\u00e9gica Boliviana de Construcci\u00f3n y Conservaci\u00f3n de Infraestructura Civil","inLanguage":"es-ES","publisher":{"@id":"http:\/\/www.ebc.gob.bo\/portal\/#organization"}}]},"og:locale":"es_ES","og:site_name":"EBC - Empresa Estrat\u00e9gica Boliviana de Construcci\u00f3n y Conservaci\u00f3n de Infraestructura Civil","og:type":"article","og:title":"REHABILITACI\u00d3N TRAMO II \u00abCHARAZANI \u2013 APOLO\u00bb - EBC","og:description":"Con la finalidad de garantizar una soluci\u00f3n definitiva a los da\u00f1os causados por fen\u00f3menos naturales y asegurar la transitabilidad permanente en el norte del departamento de La Paz, se avanza en el proceso de contrataci\u00f3n para la ejecuci\u00f3n del proyecto de rehabilitaci\u00f3n del tramo II Charazani \u2013 Apolo, con una longitud de 58,5 km,","og:url":"http:\/\/www.ebc.gob.bo\/portal\/index.php\/2025\/07\/14\/rehabilitacion-tramo-ii-charazani-apolo\/","og:image":"http:\/\/www.ebc.gob.bo\/portal\/wp-content\/uploads\/2025\/07\/Charazani-apolo-7.jpg","og:image:width":1716,"og:image:height":1143,"article:published_time":"2025-07-14T16:47:52+00:00","article:modified_time":"2025-07-17T16:42:05+00:00","article:publisher":"https:\/\/www.facebook.com\/share\/1M1SNLMFT3\/","twitter:card":"summary_large_image","twitter:site":"@bolivia_ebc","twitter:title":"REHABILITACI\u00d3N TRAMO II \u00abCHARAZANI \u2013 APOLO\u00bb - EBC","twitter:description":"Con la finalidad de garantizar una soluci\u00f3n definitiva a los da\u00f1os causados por fen\u00f3menos naturales y asegurar la transitabilidad permanente en el norte del departamento de La Paz, se avanza en el proceso de contrataci\u00f3n para la ejecuci\u00f3n del proyecto de rehabilitaci\u00f3n del tramo II Charazani \u2013 Apolo, con una longitud de 58,5 km,","twitter:creator":"@bolivia_ebc","twitter:image":"http:\/\/www.ebc.gob.bo\/portal\/wp-content\/uploads\/2025\/07\/Charazani-apolo-7.jpg"},"aioseo_meta_data":{"post_id":"5654","title":null,"description":null,"keywords":null,"keyphrases":{"focus":{"keyphrase":"","score":0,"analysis":{"keyphraseInTitle":{"score":0,"maxScore":9,"error":1}}},"additional":[]},"primary_term":null,"canonical_url":null,"og_title":null,"og_description":null,"og_object_type":"default","og_image_type":"default","og_image_url":null,"og_image_width":null,"og_image_height":null,"og_image_custom_url":null,"og_image_custom_fields":null,"og_video":"","og_custom_url":null,"og_article_section":null,"og_article_tags":null,"twitter_use_og":false,"twitter_card":"default","twitter_image_type":"default","twitter_image_url":null,"twitter_image_custom_url":null,"twitter_image_custom_fields":null,"twitter_title":null,"twitter_description":null,"schema":{"blockGraphs":[],"customGraphs":[],"default":{"data":{"Article":[],"Course":[],"Dataset":[],"FAQPage":[],"Movie":[],"Person":[],"Product":[],"ProductReview":[],"Car":[],"Recipe":[],"Service":[],"SoftwareApplication":[],"WebPage":[]},"graphName":"BlogPosting","isEnabled":true},"graphs":[]},"schema_type":"default","schema_type_options":null,"pillar_content":false,"robots_default":true,"robots_noindex":false,"robots_noarchive":false,"robots_nosnippet":false,"robots_nofollow":false,"robots_noimageindex":false,"robots_noodp":false,"robots_notranslate":false,"robots_max_snippet":"-1","robots_max_videopreview":"-1","robots_max_imagepreview":"large","priority":null,"frequency":"default","local_seo":null,"breadcrumb_settings":null,"limit_modified_date":false,"ai":null,"created":"2025-07-14 16:47:56","updated":"2026-04-26 08:53:10","focus_keyword":null,"additional_keywords":null,"truseo_locale":null,"seo_analyzer_scan_date":null},"aioseo_breadcrumb":"<div class=\"aioseo-breadcrumbs\"><span class=\"aioseo-breadcrumb\">\n\t\t\t<a href=\"http:\/\/www.ebc.gob.bo\/portal\" title=\"Inicio\">Inicio<\/a>\n\t\t<\/span><span class=\"aioseo-breadcrumb-separator\">&raquo;<\/span><span class=\"aioseo-breadcrumb\">\n\t\t\t<a href=\"http:\/\/www.ebc.gob.bo\/portal\/index.php\/category\/general\/\" title=\"General\">General<\/a>\n\t\t<\/span><span class=\"aioseo-breadcrumb-separator\">&raquo;<\/span><span class=\"aioseo-breadcrumb\">\n\t\t\tREHABILITACI\u00d3N TRAMO II \u00abCHARAZANI \u2013 APOLO\u00bb\n\t\t<\/span><\/div>","aioseo_breadcrumb_json":[{"label":"Inicio","link":"http:\/\/www.ebc.gob.bo\/portal"},{"label":"General","link":"http:\/\/www.ebc.gob.bo\/portal\/index.php\/category\/general\/"},{"label":"REHABILITACI\u00d3N TRAMO II \u00abCHARAZANI \u2013 APOLO\u00bb","link":"http:\/\/www.ebc.gob.bo\/portal\/index.php\/2025\/07\/14\/rehabilitacion-tramo-ii-charazani-apolo\/"}],"_links":{"self":[{"href":"http:\/\/www.ebc.gob.bo\/portal\/index.php\/wp-json\/wp\/v2\/posts\/5654","targetHints":{"allow":["GET"]}}],"collection":[{"href":"http:\/\/www.ebc.gob.bo\/portal\/index.php\/wp-json\/wp\/v2\/posts"}],"about":[{"href":"http:\/\/www.ebc.gob.bo\/portal\/index.php\/wp-json\/wp\/v2\/types\/post"}],"author":[{"embeddable":true,"href":"http:\/\/www.ebc.gob.bo\/portal\/index.php\/wp-json\/wp\/v2\/users\/1"}],"replies":[{"embeddable":true,"href":"http:\/\/www.ebc.gob.bo\/portal\/index.php\/wp-json\/wp\/v2\/comments?post=5654"}],"version-history":[{"count":3,"href":"http:\/\/www.ebc.gob.bo\/portal\/index.php\/wp-json\/wp\/v2\/posts\/5654\/revisions"}],"predecessor-version":[{"id":5671,"href":"http:\/\/www.ebc.gob.bo\/portal\/index.php\/wp-json\/wp\/v2\/posts\/5654\/revisions\/5671"}],"wp:featuredmedia":[{"embeddable":true,"href":"http:\/\/www.ebc.gob.bo\/portal\/index.php\/wp-json\/wp\/v2\/media\/5655"}],"wp:attachment":[{"href":"http:\/\/www.ebc.gob.bo\/portal\/index.php\/wp-json\/wp\/v2\/media?parent=5654"}],"wp:term":[{"taxonomy":"category","embeddable":true,"href":"http:\/\/www.ebc.gob.bo\/portal\/index.php\/wp-json\/wp\/v2\/categories?post=5654"},{"taxonomy":"post_tag","embeddable":true,"href":"http:\/\/www.ebc.gob.bo\/portal\/index.php\/wp-json\/wp\/v2\/tags?post=5654"}],"curies":[{"name":"wp","href":"https:\/\/api.w.org\/{rel}","templated":true}]}}