{"id":723,"date":"2024-11-25T17:23:06","date_gmt":"2024-11-25T21:23:06","guid":{"rendered":"https:\/\/www.ebc.gob.bo\/portal\/?p=723"},"modified":"2024-11-25T17:25:52","modified_gmt":"2024-11-25T21:25:52","slug":"puerto-rico-puerto-madre-de-dios","status":"publish","type":"post","link":"http:\/\/www.ebc.gob.bo\/portal\/index.php\/2024\/11\/25\/puerto-rico-puerto-madre-de-dios\/","title":{"rendered":"PUERTO RICO \u2013 PUERTO MADRE DE DIOS (EL SENA)"},"content":{"rendered":"\n<div class=\"alignnormal\"><div id=\"metaslider-id-714\" style=\"width: 100%;\" class=\"ml-slider-3-111-2 metaslider metaslider-flex metaslider-714 ml-slider has-dots-nav ms-theme-default\" role=\"region\" aria-label=\"Puerto Rico \u2013 Puerto Madre de Dios\" data-height=\"300\" data-width=\"700\">\n    <div id=\"metaslider_container_714\">\n        <div id=\"metaslider_714\">\n            <ul class='slides'>\n                <li style=\"display: block; width: 100%;\" class=\"slide-1725 ms-image \" aria-roledescription=\"slide\" data-date=\"2023-11-03 12:36:11\" data-filename=\"01-El-Sena-700x300.png\" data-slide-type=\"image\"><img fetchpriority=\"high\" decoding=\"async\" src=\"http:\/\/www.ebc.gob.bo\/portal\/wp-content\/uploads\/2023\/11\/01-El-Sena-700x300.png\" height=\"300\" width=\"700\" alt=\"\" class=\"slider-714 slide-1725 msDefaultImage\" title=\"01-El-Sena\" \/><\/li>\n                <li style=\"display: none; width: 100%;\" class=\"slide-1726 ms-image \" aria-roledescription=\"slide\" data-date=\"2023-11-03 12:36:12\" data-filename=\"02-El-Sena-700x300.png\" data-slide-type=\"image\"><img decoding=\"async\" src=\"http:\/\/www.ebc.gob.bo\/portal\/wp-content\/uploads\/2023\/11\/02-El-Sena-700x300.png\" height=\"300\" width=\"700\" alt=\"\" class=\"slider-714 slide-1726 msDefaultImage\" title=\"02-El-Sena\" \/><\/li>\n                <li style=\"display: none; width: 100%;\" class=\"slide-1727 ms-image \" aria-roledescription=\"slide\" data-date=\"2023-11-03 12:36:13\" data-filename=\"03-El-Sena-700x300.png\" data-slide-type=\"image\"><img decoding=\"async\" src=\"http:\/\/www.ebc.gob.bo\/portal\/wp-content\/uploads\/2023\/11\/03-El-Sena-700x300.png\" height=\"300\" width=\"700\" alt=\"\" class=\"slider-714 slide-1727 msDefaultImage\" title=\"03-El-Sena\" \/><\/li>\n                <li style=\"display: none; width: 100%;\" class=\"slide-1728 ms-image \" aria-roledescription=\"slide\" data-date=\"2023-11-03 12:36:13\" data-filename=\"04-El-Sena-700x300.png\" data-slide-type=\"image\"><img loading=\"lazy\" decoding=\"async\" src=\"http:\/\/www.ebc.gob.bo\/portal\/wp-content\/uploads\/2023\/11\/04-El-Sena-700x300.png\" height=\"300\" width=\"700\" alt=\"\" class=\"slider-714 slide-1728 msDefaultImage\" title=\"04-El-Sena\" \/><\/li>\n                <li style=\"display: none; width: 100%;\" class=\"slide-1729 ms-image \" aria-roledescription=\"slide\" data-date=\"2023-11-03 12:36:14\" data-filename=\"05-El-Sena-700x300.png\" data-slide-type=\"image\"><img loading=\"lazy\" decoding=\"async\" src=\"http:\/\/www.ebc.gob.bo\/portal\/wp-content\/uploads\/2023\/11\/05-El-Sena-700x300.png\" height=\"300\" width=\"700\" alt=\"\" class=\"slider-714 slide-1729 msDefaultImage\" title=\"05-El-Sena\" \/><\/li>\n                <li style=\"display: none; width: 100%;\" class=\"slide-1730 ms-image \" aria-roledescription=\"slide\" data-date=\"2023-11-03 12:36:15\" data-filename=\"06-El-Sena-700x300.png\" data-slide-type=\"image\"><img loading=\"lazy\" decoding=\"async\" src=\"http:\/\/www.ebc.gob.bo\/portal\/wp-content\/uploads\/2023\/11\/06-El-Sena-700x300.png\" height=\"300\" width=\"700\" alt=\"\" class=\"slider-714 slide-1730 msDefaultImage\" title=\"06-El-Sena\" \/><\/li>\n                <li style=\"display: none; width: 100%;\" class=\"slide-1731 ms-image \" aria-roledescription=\"slide\" data-date=\"2023-11-03 12:36:16\" data-filename=\"07-El-Sena-700x300.png\" data-slide-type=\"image\"><img loading=\"lazy\" decoding=\"async\" src=\"http:\/\/www.ebc.gob.bo\/portal\/wp-content\/uploads\/2023\/11\/07-El-Sena-700x300.png\" height=\"300\" width=\"700\" alt=\"\" class=\"slider-714 slide-1731 msDefaultImage\" title=\"07-El-Sena\" \/><\/li>\n                <li style=\"display: none; width: 100%;\" class=\"slide-1733 ms-image \" aria-roledescription=\"slide\" data-date=\"2023-11-03 12:36:17\" data-filename=\"08-El-Sena-700x300.png\" data-slide-type=\"image\"><img loading=\"lazy\" decoding=\"async\" src=\"http:\/\/www.ebc.gob.bo\/portal\/wp-content\/uploads\/2023\/11\/08-El-Sena-700x300.png\" height=\"300\" width=\"700\" alt=\"\" class=\"slider-714 slide-1733 msDefaultImage\" title=\"08-El-Sena\" \/><\/li>\n            <\/ul>\n        <\/div>\n        \n    <\/div>\n<\/div><\/div>\n\n\n\n<p class=\"wp-block-paragraph\"><strong><strong>CONSTRUCCI\u00d3N DE LA OBRA CARRETERA \u201cPORVENIR &#8211; EL CHORO\u201d TRAMO II: PUERTO RICO \u2013 PUERTO MADRE DE DIOS (EL SENA)<\/strong><\/strong><\/p>\n\n\n\n<p class=\"wp-block-paragraph\"><strong>UBICACI\u00d3N:<\/strong><\/p>\n\n\n\n<p class=\"wp-block-paragraph\">Se encuentra ubicado al norte del pa\u00eds en el departamento de Pando, en la provincia de Madre de Dios. El tramo carretero Puerto Rico-Madre de Dios (El Sena) forma parte de la carretera Porvenir \u2013 El Choro RVF\u201313, que vincula la ciudad de Cobija con el corredor La Paz \u2013 Guayaramer\u00edn.<\/p>\n\n\n\n<p class=\"wp-block-paragraph\"><strong><strong>OBJETIVO DEL PROYECTO<\/strong>:<\/strong><\/p>\n\n\n\n<p class=\"wp-block-paragraph\">El objetivo del proyecto est\u00e1 enmarcado en la estrategia de desarrollo econ\u00f3mico y social del Gobierno nacional, que consiste principalmente en mejorar e incrementar la infraestructura vial nacional, a fin de promocionar e incentivar las exportaciones, en funci\u00f3n a la disminuci\u00f3n de los costos de transporte y en la construcci\u00f3n de v\u00edas nacionales promoviendo la integraci\u00f3n regional e internacionales.<\/p>\n\n\n\n<p class=\"wp-block-paragraph\"><strong>INVERSI\u00d3N:<\/strong> Bs59.244.303,23.<\/p>\n\n\n\n<p class=\"wp-block-paragraph\"><strong>ESTADO DE LA OBRA:\u00a0<\/strong>En ejecuci\u00f3n.<\/p>\n\n\n\n<p class=\"wp-block-paragraph\"><strong>CARACTER\u00cdSTICAS DE LA OBRA:<\/strong><\/p>\n\n\n\n<ul class=\"wp-block-list\">\n<li>Carretera bidireccional<\/li>\n\n\n\n<li>Longitud total del pavimento es de 10.80 km. (capa de rodadura y bermas laterales)<\/li>\n\n\n\n<li>Pavimento r\u00edgido (calzada): 20 cm de espesor.<\/li>\n\n\n\n<li>Pavimento r\u00edgido (bermas): 20 cm de espesor.<\/li>\n\n\n\n<li>Espesor de capa sub base estabilizada con cemento: 13 cm. (Material Lateritico)<\/li>\n\n\n\n<li>Ancho de calzada: 7 m<\/li>\n\n\n\n<li>Ancho de bermas: 1,5 m<\/li>\n\n\n\n<li>Obras de drenaje, movimiento de tierras, cunetas lateras, cunetas a pie de talud, bordillos, mantenimiento.<\/li>\n<\/ul>\n\n\n\n<p class=\"wp-block-paragraph\"><strong>ENTIDAD CONTRATANTE:<\/strong><\/p>\n\n\n\n<p class=\"wp-block-paragraph\">Administradora Boliviana de Carreteras \u2013 ABC.<\/p>\n\n\n\n<p class=\"wp-block-paragraph\"><\/p>\n","protected":false},"excerpt":{"rendered":"<p>CONSTRUCCI\u00d3N DE LA OBRA CARRETERA \u201cPORVENIR &#8211; EL CHORO\u201d TRAMO II: PUERTO RICO \u2013 PUERTO MADRE DE DIOS (EL SENA)<\/p>\n","protected":false},"author":1,"featured_media":1740,"comment_status":"open","ping_status":"open","sticky":false,"template":"","format":"gallery","meta":{"colormag_page_layout":"no_sidebar_content_centered","_joinchat":[],"footnotes":""},"categories":[10,11],"tags":[],"class_list":["post-723","post","type-post","status-publish","format-gallery","has-post-thumbnail","hentry","category-general","category-health","post_format-post-format-gallery"],"aioseo_notices":[],"aioseo_head":"\n\t\t<!-- All in One SEO 5.0.1.1 - aioseo.com -->\n\t<meta name=\"description\" content=\"CONSTRUCCI\u00d3N DE LA OBRA CARRETERA \u201cPORVENIR - EL CHORO\u201d TRAMO II: PUERTO RICO \u2013 PUERTO MADRE DE DIOS (EL SENA) UBICACI\u00d3N: Se encuentra ubicado al norte del pa\u00eds en el departamento de Pando, en la provincia de Madre de Dios. El tramo carretero Puerto Rico-Madre de Dios (El Sena) forma parte de la carretera Porvenir\" \/>\n\t<meta name=\"robots\" content=\"max-image-preview:large\" \/>\n\t<meta name=\"author\" content=\"EBC\"\/>\n\t<link rel=\"canonical\" href=\"http:\/\/www.ebc.gob.bo\/portal\/index.php\/2024\/11\/25\/puerto-rico-puerto-madre-de-dios\/\" \/>\n\t<meta name=\"generator\" content=\"All in One SEO (AIOSEO) 5.0.1.1\" \/>\n\t\t<meta property=\"og:locale\" content=\"es_ES\" \/>\n\t\t<meta property=\"og:site_name\" content=\"EBC - Empresa Estrat\u00e9gica Boliviana de Construcci\u00f3n y Conservaci\u00f3n de Infraestructura Civil\" \/>\n\t\t<meta property=\"og:type\" content=\"article\" \/>\n\t\t<meta property=\"og:title\" content=\"PUERTO RICO \u2013 PUERTO MADRE DE DIOS (EL SENA) - EBC\" \/>\n\t\t<meta property=\"og:description\" content=\"CONSTRUCCI\u00d3N DE LA OBRA CARRETERA \u201cPORVENIR - EL CHORO\u201d TRAMO II: PUERTO RICO \u2013 PUERTO MADRE DE DIOS (EL SENA) UBICACI\u00d3N: Se encuentra ubicado al norte del pa\u00eds en el departamento de Pando, en la provincia de Madre de Dios. El tramo carretero Puerto Rico-Madre de Dios (El Sena) forma parte de la carretera Porvenir\" \/>\n\t\t<meta property=\"og:url\" content=\"http:\/\/www.ebc.gob.bo\/portal\/index.php\/2024\/11\/25\/puerto-rico-puerto-madre-de-dios\/\" \/>\n\t\t<meta property=\"og:image\" content=\"http:\/\/www.ebc.gob.bo\/portal\/wp-content\/uploads\/2023\/11\/7.jpg\" \/>\n\t\t<meta property=\"og:image:width\" content=\"768\" \/>\n\t\t<meta property=\"og:image:height\" content=\"432\" \/>\n\t\t<meta property=\"article:published_time\" content=\"2024-11-25T21:23:06+00:00\" \/>\n\t\t<meta property=\"article:modified_time\" content=\"2024-11-25T21:25:52+00:00\" \/>\n\t\t<meta property=\"article:publisher\" content=\"https:\/\/www.facebook.com\/share\/1M1SNLMFT3\/\" \/>\n\t\t<meta name=\"twitter:card\" content=\"summary_large_image\" \/>\n\t\t<meta name=\"twitter:site\" content=\"@bolivia_ebc\" \/>\n\t\t<meta name=\"twitter:title\" content=\"PUERTO RICO \u2013 PUERTO MADRE DE DIOS (EL SENA) - EBC\" \/>\n\t\t<meta name=\"twitter:description\" content=\"CONSTRUCCI\u00d3N DE LA OBRA CARRETERA \u201cPORVENIR - EL CHORO\u201d TRAMO II: PUERTO RICO \u2013 PUERTO MADRE DE DIOS (EL SENA) UBICACI\u00d3N: Se encuentra ubicado al norte del pa\u00eds en el departamento de Pando, en la provincia de Madre de Dios. El tramo carretero Puerto Rico-Madre de Dios (El Sena) forma parte de la carretera Porvenir\" \/>\n\t\t<meta name=\"twitter:creator\" content=\"@bolivia_ebc\" \/>\n\t\t<meta name=\"twitter:image\" content=\"http:\/\/www.ebc.gob.bo\/portal\/wp-content\/uploads\/2023\/11\/7.jpg\" \/>\n\t\t<script type=\"application\/ld+json\" class=\"aioseo-schema\">\n\t\t\t{\"@context\":\"https:\\\/\\\/schema.org\",\"@graph\":[{\"@type\":\"BlogPosting\",\"@id\":\"http:\\\/\\\/www.ebc.gob.bo\\\/portal\\\/index.php\\\/2024\\\/11\\\/25\\\/puerto-rico-puerto-madre-de-dios\\\/#blogposting\",\"name\":\"PUERTO RICO \\u2013 PUERTO MADRE DE DIOS (EL SENA) - EBC\",\"headline\":\"PUERTO RICO \\u2013 PUERTO MADRE DE DIOS (EL SENA)\",\"author\":{\"@id\":\"http:\\\/\\\/www.ebc.gob.bo\\\/portal\\\/index.php\\\/author\\\/admin\\\/#author\"},\"publisher\":{\"@id\":\"http:\\\/\\\/www.ebc.gob.bo\\\/portal\\\/#organization\"},\"image\":{\"@type\":\"ImageObject\",\"url\":\"http:\\\/\\\/www.ebc.gob.bo\\\/portal\\\/wp-content\\\/uploads\\\/2023\\\/11\\\/7.jpg\",\"width\":768,\"height\":432},\"datePublished\":\"2024-11-25T17:23:06-04:00\",\"dateModified\":\"2024-11-25T17:25:52-04:00\",\"inLanguage\":\"es-ES\",\"mainEntityOfPage\":{\"@id\":\"http:\\\/\\\/www.ebc.gob.bo\\\/portal\\\/index.php\\\/2024\\\/11\\\/25\\\/puerto-rico-puerto-madre-de-dios\\\/#webpage\"},\"isPartOf\":{\"@id\":\"http:\\\/\\\/www.ebc.gob.bo\\\/portal\\\/index.php\\\/2024\\\/11\\\/25\\\/puerto-rico-puerto-madre-de-dios\\\/#webpage\"},\"articleSection\":\"General, Proyectos, Galer\\u00eda\"},{\"@type\":\"BreadcrumbList\",\"@id\":\"http:\\\/\\\/www.ebc.gob.bo\\\/portal\\\/index.php\\\/2024\\\/11\\\/25\\\/puerto-rico-puerto-madre-de-dios\\\/#breadcrumblist\",\"itemListElement\":[{\"@type\":\"ListItem\",\"@id\":\"http:\\\/\\\/www.ebc.gob.bo\\\/portal#listItem\",\"position\":1,\"name\":\"Inicio\",\"item\":\"http:\\\/\\\/www.ebc.gob.bo\\\/portal\",\"nextItem\":{\"@type\":\"ListItem\",\"@id\":\"http:\\\/\\\/www.ebc.gob.bo\\\/portal\\\/index.php\\\/category\\\/general\\\/#listItem\",\"name\":\"General\"}},{\"@type\":\"ListItem\",\"@id\":\"http:\\\/\\\/www.ebc.gob.bo\\\/portal\\\/index.php\\\/category\\\/general\\\/#listItem\",\"position\":2,\"name\":\"General\",\"item\":\"http:\\\/\\\/www.ebc.gob.bo\\\/portal\\\/index.php\\\/category\\\/general\\\/\",\"nextItem\":{\"@type\":\"ListItem\",\"@id\":\"http:\\\/\\\/www.ebc.gob.bo\\\/portal\\\/index.php\\\/2024\\\/11\\\/25\\\/puerto-rico-puerto-madre-de-dios\\\/#listItem\",\"name\":\"PUERTO RICO \\u2013 PUERTO MADRE DE DIOS (EL SENA)\"},\"previousItem\":{\"@type\":\"ListItem\",\"@id\":\"http:\\\/\\\/www.ebc.gob.bo\\\/portal#listItem\",\"name\":\"Inicio\"}},{\"@type\":\"ListItem\",\"@id\":\"http:\\\/\\\/www.ebc.gob.bo\\\/portal\\\/index.php\\\/2024\\\/11\\\/25\\\/puerto-rico-puerto-madre-de-dios\\\/#listItem\",\"position\":3,\"name\":\"PUERTO RICO \\u2013 PUERTO MADRE DE DIOS (EL SENA)\",\"previousItem\":{\"@type\":\"ListItem\",\"@id\":\"http:\\\/\\\/www.ebc.gob.bo\\\/portal\\\/index.php\\\/category\\\/general\\\/#listItem\",\"name\":\"General\"}}]},{\"@type\":\"Organization\",\"@id\":\"http:\\\/\\\/www.ebc.gob.bo\\\/portal\\\/#organization\",\"name\":\"EBC\",\"description\":\"Empresa Estrat\\u00e9gica Boliviana de Construcci\\u00f3n y Conservaci\\u00f3n de Infraestructura Civil\",\"url\":\"http:\\\/\\\/www.ebc.gob.bo\\\/portal\\\/\",\"logo\":{\"@type\":\"ImageObject\",\"url\":\"http:\\\/\\\/www.ebc.gob.bo\\\/portal\\\/wp-content\\\/uploads\\\/2026\\\/05\\\/Empresa-Estrategica-Boliviana-1.jpg\",\"@id\":\"http:\\\/\\\/www.ebc.gob.bo\\\/portal\\\/index.php\\\/2024\\\/11\\\/25\\\/puerto-rico-puerto-madre-de-dios\\\/#organizationLogo\",\"width\":1350,\"height\":204},\"image\":{\"@id\":\"http:\\\/\\\/www.ebc.gob.bo\\\/portal\\\/index.php\\\/2024\\\/11\\\/25\\\/puerto-rico-puerto-madre-de-dios\\\/#organizationLogo\"},\"sameAs\":[\"https:\\\/\\\/www.facebook.com\\\/share\\\/1M1SNLMFT3\\\/\",\"https:\\\/\\\/x.com\\\/bolivia_ebc?t=fbPl6a1W2RVzjPiUoQjL5w&s=09\",\"https:\\\/\\\/www.tiktok.com\\\/@ebc.bolivia?_t=ZM-8yQy3KsZgng&_r=1\"]},{\"@type\":\"Person\",\"@id\":\"http:\\\/\\\/www.ebc.gob.bo\\\/portal\\\/index.php\\\/author\\\/admin\\\/#author\",\"url\":\"http:\\\/\\\/www.ebc.gob.bo\\\/portal\\\/index.php\\\/author\\\/admin\\\/\",\"name\":\"EBC\"},{\"@type\":\"WebPage\",\"@id\":\"http:\\\/\\\/www.ebc.gob.bo\\\/portal\\\/index.php\\\/2024\\\/11\\\/25\\\/puerto-rico-puerto-madre-de-dios\\\/#webpage\",\"url\":\"http:\\\/\\\/www.ebc.gob.bo\\\/portal\\\/index.php\\\/2024\\\/11\\\/25\\\/puerto-rico-puerto-madre-de-dios\\\/\",\"name\":\"PUERTO RICO \\u2013 PUERTO MADRE DE DIOS (EL SENA) - EBC\",\"description\":\"CONSTRUCCI\\u00d3N DE LA OBRA CARRETERA \\u201cPORVENIR - EL CHORO\\u201d TRAMO II: PUERTO RICO \\u2013 PUERTO MADRE DE DIOS (EL SENA) UBICACI\\u00d3N: Se encuentra ubicado al norte del pa\\u00eds en el departamento de Pando, en la provincia de Madre de Dios. El tramo carretero Puerto Rico-Madre de Dios (El Sena) forma parte de la carretera Porvenir\",\"inLanguage\":\"es-ES\",\"isPartOf\":{\"@id\":\"http:\\\/\\\/www.ebc.gob.bo\\\/portal\\\/#website\"},\"breadcrumb\":{\"@id\":\"http:\\\/\\\/www.ebc.gob.bo\\\/portal\\\/index.php\\\/2024\\\/11\\\/25\\\/puerto-rico-puerto-madre-de-dios\\\/#breadcrumblist\"},\"author\":{\"@id\":\"http:\\\/\\\/www.ebc.gob.bo\\\/portal\\\/index.php\\\/author\\\/admin\\\/#author\"},\"creator\":{\"@id\":\"http:\\\/\\\/www.ebc.gob.bo\\\/portal\\\/index.php\\\/author\\\/admin\\\/#author\"},\"image\":{\"@type\":\"ImageObject\",\"url\":\"http:\\\/\\\/www.ebc.gob.bo\\\/portal\\\/wp-content\\\/uploads\\\/2023\\\/11\\\/7.jpg\",\"@id\":\"http:\\\/\\\/www.ebc.gob.bo\\\/portal\\\/index.php\\\/2024\\\/11\\\/25\\\/puerto-rico-puerto-madre-de-dios\\\/#mainImage\",\"width\":768,\"height\":432},\"primaryImageOfPage\":{\"@id\":\"http:\\\/\\\/www.ebc.gob.bo\\\/portal\\\/index.php\\\/2024\\\/11\\\/25\\\/puerto-rico-puerto-madre-de-dios\\\/#mainImage\"},\"datePublished\":\"2024-11-25T17:23:06-04:00\",\"dateModified\":\"2024-11-25T17:25:52-04:00\"},{\"@type\":\"WebSite\",\"@id\":\"http:\\\/\\\/www.ebc.gob.bo\\\/portal\\\/#website\",\"url\":\"http:\\\/\\\/www.ebc.gob.bo\\\/portal\\\/\",\"name\":\"EBC\",\"description\":\"Empresa Estrat\\u00e9gica Boliviana de Construcci\\u00f3n y Conservaci\\u00f3n de Infraestructura Civil\",\"inLanguage\":\"es-ES\",\"publisher\":{\"@id\":\"http:\\\/\\\/www.ebc.gob.bo\\\/portal\\\/#organization\"}}]}\n\t\t<\/script>\n\t\t<!-- All in One SEO -->\n\n","aioseo_head_json":{"title":"PUERTO RICO \u2013 PUERTO MADRE DE DIOS (EL SENA) - EBC","description":"CONSTRUCCI\u00d3N DE LA OBRA CARRETERA \u201cPORVENIR - EL CHORO\u201d TRAMO II: PUERTO RICO \u2013 PUERTO MADRE DE DIOS (EL SENA) UBICACI\u00d3N: Se encuentra ubicado al norte del pa\u00eds en el departamento de Pando, en la provincia de Madre de Dios. El tramo carretero Puerto Rico-Madre de Dios (El Sena) forma parte de la carretera Porvenir","canonical_url":"http:\/\/www.ebc.gob.bo\/portal\/index.php\/2024\/11\/25\/puerto-rico-puerto-madre-de-dios\/","robots":"max-image-preview:large","keywords":"","webmasterTools":{"miscellaneous":""},"schema":{"@context":"https:\/\/schema.org","@graph":[{"@type":"BlogPosting","@id":"http:\/\/www.ebc.gob.bo\/portal\/index.php\/2024\/11\/25\/puerto-rico-puerto-madre-de-dios\/#blogposting","name":"PUERTO RICO \u2013 PUERTO MADRE DE DIOS (EL SENA) - EBC","headline":"PUERTO RICO \u2013 PUERTO MADRE DE DIOS (EL SENA)","author":{"@id":"http:\/\/www.ebc.gob.bo\/portal\/index.php\/author\/admin\/#author"},"publisher":{"@id":"http:\/\/www.ebc.gob.bo\/portal\/#organization"},"image":{"@type":"ImageObject","url":"http:\/\/www.ebc.gob.bo\/portal\/wp-content\/uploads\/2023\/11\/7.jpg","width":768,"height":432},"datePublished":"2024-11-25T17:23:06-04:00","dateModified":"2024-11-25T17:25:52-04:00","inLanguage":"es-ES","mainEntityOfPage":{"@id":"http:\/\/www.ebc.gob.bo\/portal\/index.php\/2024\/11\/25\/puerto-rico-puerto-madre-de-dios\/#webpage"},"isPartOf":{"@id":"http:\/\/www.ebc.gob.bo\/portal\/index.php\/2024\/11\/25\/puerto-rico-puerto-madre-de-dios\/#webpage"},"articleSection":"General, Proyectos, Galer\u00eda"},{"@type":"BreadcrumbList","@id":"http:\/\/www.ebc.gob.bo\/portal\/index.php\/2024\/11\/25\/puerto-rico-puerto-madre-de-dios\/#breadcrumblist","itemListElement":[{"@type":"ListItem","@id":"http:\/\/www.ebc.gob.bo\/portal#listItem","position":1,"name":"Inicio","item":"http:\/\/www.ebc.gob.bo\/portal","nextItem":{"@type":"ListItem","@id":"http:\/\/www.ebc.gob.bo\/portal\/index.php\/category\/general\/#listItem","name":"General"}},{"@type":"ListItem","@id":"http:\/\/www.ebc.gob.bo\/portal\/index.php\/category\/general\/#listItem","position":2,"name":"General","item":"http:\/\/www.ebc.gob.bo\/portal\/index.php\/category\/general\/","nextItem":{"@type":"ListItem","@id":"http:\/\/www.ebc.gob.bo\/portal\/index.php\/2024\/11\/25\/puerto-rico-puerto-madre-de-dios\/#listItem","name":"PUERTO RICO \u2013 PUERTO MADRE DE DIOS (EL SENA)"},"previousItem":{"@type":"ListItem","@id":"http:\/\/www.ebc.gob.bo\/portal#listItem","name":"Inicio"}},{"@type":"ListItem","@id":"http:\/\/www.ebc.gob.bo\/portal\/index.php\/2024\/11\/25\/puerto-rico-puerto-madre-de-dios\/#listItem","position":3,"name":"PUERTO RICO \u2013 PUERTO MADRE DE DIOS (EL SENA)","previousItem":{"@type":"ListItem","@id":"http:\/\/www.ebc.gob.bo\/portal\/index.php\/category\/general\/#listItem","name":"General"}}]},{"@type":"Organization","@id":"http:\/\/www.ebc.gob.bo\/portal\/#organization","name":"EBC","description":"Empresa Estrat\u00e9gica Boliviana de Construcci\u00f3n y Conservaci\u00f3n de Infraestructura Civil","url":"http:\/\/www.ebc.gob.bo\/portal\/","logo":{"@type":"ImageObject","url":"http:\/\/www.ebc.gob.bo\/portal\/wp-content\/uploads\/2026\/05\/Empresa-Estrategica-Boliviana-1.jpg","@id":"http:\/\/www.ebc.gob.bo\/portal\/index.php\/2024\/11\/25\/puerto-rico-puerto-madre-de-dios\/#organizationLogo","width":1350,"height":204},"image":{"@id":"http:\/\/www.ebc.gob.bo\/portal\/index.php\/2024\/11\/25\/puerto-rico-puerto-madre-de-dios\/#organizationLogo"},"sameAs":["https:\/\/www.facebook.com\/share\/1M1SNLMFT3\/","https:\/\/x.com\/bolivia_ebc?t=fbPl6a1W2RVzjPiUoQjL5w&s=09","https:\/\/www.tiktok.com\/@ebc.bolivia?_t=ZM-8yQy3KsZgng&_r=1"]},{"@type":"Person","@id":"http:\/\/www.ebc.gob.bo\/portal\/index.php\/author\/admin\/#author","url":"http:\/\/www.ebc.gob.bo\/portal\/index.php\/author\/admin\/","name":"EBC"},{"@type":"WebPage","@id":"http:\/\/www.ebc.gob.bo\/portal\/index.php\/2024\/11\/25\/puerto-rico-puerto-madre-de-dios\/#webpage","url":"http:\/\/www.ebc.gob.bo\/portal\/index.php\/2024\/11\/25\/puerto-rico-puerto-madre-de-dios\/","name":"PUERTO RICO \u2013 PUERTO MADRE DE DIOS (EL SENA) - EBC","description":"CONSTRUCCI\u00d3N DE LA OBRA CARRETERA \u201cPORVENIR - EL CHORO\u201d TRAMO II: PUERTO RICO \u2013 PUERTO MADRE DE DIOS (EL SENA) UBICACI\u00d3N: Se encuentra ubicado al norte del pa\u00eds en el departamento de Pando, en la provincia de Madre de Dios. El tramo carretero Puerto Rico-Madre de Dios (El Sena) forma parte de la carretera Porvenir","inLanguage":"es-ES","isPartOf":{"@id":"http:\/\/www.ebc.gob.bo\/portal\/#website"},"breadcrumb":{"@id":"http:\/\/www.ebc.gob.bo\/portal\/index.php\/2024\/11\/25\/puerto-rico-puerto-madre-de-dios\/#breadcrumblist"},"author":{"@id":"http:\/\/www.ebc.gob.bo\/portal\/index.php\/author\/admin\/#author"},"creator":{"@id":"http:\/\/www.ebc.gob.bo\/portal\/index.php\/author\/admin\/#author"},"image":{"@type":"ImageObject","url":"http:\/\/www.ebc.gob.bo\/portal\/wp-content\/uploads\/2023\/11\/7.jpg","@id":"http:\/\/www.ebc.gob.bo\/portal\/index.php\/2024\/11\/25\/puerto-rico-puerto-madre-de-dios\/#mainImage","width":768,"height":432},"primaryImageOfPage":{"@id":"http:\/\/www.ebc.gob.bo\/portal\/index.php\/2024\/11\/25\/puerto-rico-puerto-madre-de-dios\/#mainImage"},"datePublished":"2024-11-25T17:23:06-04:00","dateModified":"2024-11-25T17:25:52-04:00"},{"@type":"WebSite","@id":"http:\/\/www.ebc.gob.bo\/portal\/#website","url":"http:\/\/www.ebc.gob.bo\/portal\/","name":"EBC","description":"Empresa Estrat\u00e9gica Boliviana de Construcci\u00f3n y Conservaci\u00f3n de Infraestructura Civil","inLanguage":"es-ES","publisher":{"@id":"http:\/\/www.ebc.gob.bo\/portal\/#organization"}}]},"og:locale":"es_ES","og:site_name":"EBC - Empresa Estrat\u00e9gica Boliviana de Construcci\u00f3n y Conservaci\u00f3n de Infraestructura Civil","og:type":"article","og:title":"PUERTO RICO \u2013 PUERTO MADRE DE DIOS (EL SENA) - EBC","og:description":"CONSTRUCCI\u00d3N DE LA OBRA CARRETERA \u201cPORVENIR - EL CHORO\u201d TRAMO II: PUERTO RICO \u2013 PUERTO MADRE DE DIOS (EL SENA) UBICACI\u00d3N: Se encuentra ubicado al norte del pa\u00eds en el departamento de Pando, en la provincia de Madre de Dios. El tramo carretero Puerto Rico-Madre de Dios (El Sena) forma parte de la carretera Porvenir","og:url":"http:\/\/www.ebc.gob.bo\/portal\/index.php\/2024\/11\/25\/puerto-rico-puerto-madre-de-dios\/","og:image":"http:\/\/www.ebc.gob.bo\/portal\/wp-content\/uploads\/2023\/11\/7.jpg","og:image:width":768,"og:image:height":432,"article:published_time":"2024-11-25T21:23:06+00:00","article:modified_time":"2024-11-25T21:25:52+00:00","article:publisher":"https:\/\/www.facebook.com\/share\/1M1SNLMFT3\/","twitter:card":"summary_large_image","twitter:site":"@bolivia_ebc","twitter:title":"PUERTO RICO \u2013 PUERTO MADRE DE DIOS (EL SENA) - EBC","twitter:description":"CONSTRUCCI\u00d3N DE LA OBRA CARRETERA \u201cPORVENIR - EL CHORO\u201d TRAMO II: PUERTO RICO \u2013 PUERTO MADRE DE DIOS (EL SENA) UBICACI\u00d3N: Se encuentra ubicado al norte del pa\u00eds en el departamento de Pando, en la provincia de Madre de Dios. El tramo carretero Puerto Rico-Madre de Dios (El Sena) forma parte de la carretera Porvenir","twitter:creator":"@bolivia_ebc","twitter:image":"http:\/\/www.ebc.gob.bo\/portal\/wp-content\/uploads\/2023\/11\/7.jpg"},"aioseo_meta_data":{"post_id":"723","title":null,"description":null,"keywords":null,"keyphrases":{"focus":{"keyphrase":"","score":0,"analysis":{"keyphraseInTitle":{"score":0,"maxScore":9,"error":1}}},"additional":[]},"primary_term":null,"canonical_url":null,"og_title":null,"og_description":null,"og_object_type":"default","og_image_type":"default","og_image_url":null,"og_image_width":null,"og_image_height":null,"og_image_custom_url":null,"og_image_custom_fields":null,"og_video":"","og_custom_url":null,"og_article_section":null,"og_article_tags":null,"twitter_use_og":false,"twitter_card":"default","twitter_image_type":"default","twitter_image_url":null,"twitter_image_custom_url":null,"twitter_image_custom_fields":null,"twitter_title":null,"twitter_description":null,"schema":{"blockGraphs":[],"customGraphs":[],"default":{"data":{"Article":[],"Course":[],"Dataset":[],"FAQPage":[],"Movie":[],"Person":[],"Product":[],"ProductReview":[],"Car":[],"Recipe":[],"Service":[],"SoftwareApplication":[],"WebPage":[]},"graphName":"BlogPosting","isEnabled":true},"graphs":[]},"schema_type":"default","schema_type_options":null,"pillar_content":false,"robots_default":true,"robots_noindex":false,"robots_noarchive":false,"robots_nosnippet":false,"robots_nofollow":false,"robots_noimageindex":false,"robots_noodp":false,"robots_notranslate":false,"robots_max_snippet":"-1","robots_max_videopreview":"-1","robots_max_imagepreview":"large","priority":null,"frequency":"default","local_seo":null,"breadcrumb_settings":null,"limit_modified_date":false,"ai":null,"created":"2023-09-20 02:45:28","updated":"2026-04-26 08:38:15","focus_keyword":null,"additional_keywords":null,"truseo_locale":null,"seo_analyzer_scan_date":null},"aioseo_breadcrumb":"<div class=\"aioseo-breadcrumbs\"><span class=\"aioseo-breadcrumb\">\n\t\t\t<a href=\"http:\/\/www.ebc.gob.bo\/portal\" title=\"Inicio\">Inicio<\/a>\n\t\t<\/span><span class=\"aioseo-breadcrumb-separator\">&raquo;<\/span><span class=\"aioseo-breadcrumb\">\n\t\t\t<a href=\"http:\/\/www.ebc.gob.bo\/portal\/index.php\/category\/general\/\" title=\"General\">General<\/a>\n\t\t<\/span><span class=\"aioseo-breadcrumb-separator\">&raquo;<\/span><span class=\"aioseo-breadcrumb\">\n\t\t\tPUERTO RICO \u2013 PUERTO MADRE DE DIOS (EL SENA)\n\t\t<\/span><\/div>","aioseo_breadcrumb_json":[{"label":"Inicio","link":"http:\/\/www.ebc.gob.bo\/portal"},{"label":"General","link":"http:\/\/www.ebc.gob.bo\/portal\/index.php\/category\/general\/"},{"label":"PUERTO RICO \u2013 PUERTO MADRE DE DIOS (EL SENA)","link":"http:\/\/www.ebc.gob.bo\/portal\/index.php\/2024\/11\/25\/puerto-rico-puerto-madre-de-dios\/"}],"_links":{"self":[{"href":"http:\/\/www.ebc.gob.bo\/portal\/index.php\/wp-json\/wp\/v2\/posts\/723","targetHints":{"allow":["GET"]}}],"collection":[{"href":"http:\/\/www.ebc.gob.bo\/portal\/index.php\/wp-json\/wp\/v2\/posts"}],"about":[{"href":"http:\/\/www.ebc.gob.bo\/portal\/index.php\/wp-json\/wp\/v2\/types\/post"}],"author":[{"embeddable":true,"href":"http:\/\/www.ebc.gob.bo\/portal\/index.php\/wp-json\/wp\/v2\/users\/1"}],"replies":[{"embeddable":true,"href":"http:\/\/www.ebc.gob.bo\/portal\/index.php\/wp-json\/wp\/v2\/comments?post=723"}],"version-history":[{"count":6,"href":"http:\/\/www.ebc.gob.bo\/portal\/index.php\/wp-json\/wp\/v2\/posts\/723\/revisions"}],"predecessor-version":[{"id":4463,"href":"http:\/\/www.ebc.gob.bo\/portal\/index.php\/wp-json\/wp\/v2\/posts\/723\/revisions\/4463"}],"wp:featuredmedia":[{"embeddable":true,"href":"http:\/\/www.ebc.gob.bo\/portal\/index.php\/wp-json\/wp\/v2\/media\/1740"}],"wp:attachment":[{"href":"http:\/\/www.ebc.gob.bo\/portal\/index.php\/wp-json\/wp\/v2\/media?parent=723"}],"wp:term":[{"taxonomy":"category","embeddable":true,"href":"http:\/\/www.ebc.gob.bo\/portal\/index.php\/wp-json\/wp\/v2\/categories?post=723"},{"taxonomy":"post_tag","embeddable":true,"href":"http:\/\/www.ebc.gob.bo\/portal\/index.php\/wp-json\/wp\/v2\/tags?post=723"}],"curies":[{"name":"wp","href":"https:\/\/api.w.org\/{rel}","templated":true}]}}