{"id":906,"date":"2023-05-05T16:40:51","date_gmt":"2023-05-05T20:40:51","guid":{"rendered":"https:\/\/www.ebc.gob.bo\/portal\/?p=906"},"modified":"2024-11-25T18:04:21","modified_gmt":"2024-11-25T22:04:21","slug":"doble-via-industrial-el-alto-viacha-tramo-ii","status":"publish","type":"post","link":"http:\/\/www.ebc.gob.bo\/portal\/index.php\/2023\/05\/05\/doble-via-industrial-el-alto-viacha-tramo-ii\/","title":{"rendered":"DOBLE V\u00cdA INDUSTRIAL EL ALTO \u2013 VIACHA"},"content":{"rendered":"\n<div class=\"alignnormal\"><div id=\"metaslider-id-893\" style=\"width: 100%;\" class=\"ml-slider-3-111-2 metaslider metaslider-flex metaslider-893 ml-slider has-dots-nav ms-theme-default\" role=\"region\" aria-label=\"Doble V\u00eda Industrial El Alto \u2013 Viacha \u2013 Tramo II\" data-height=\"300\" data-width=\"700\">\n    <div id=\"metaslider_container_893\">\n        <div id=\"metaslider_893\">\n            <ul class='slides'>\n                <li style=\"display: block; width: 100%;\" class=\"slide-900 ms-image \" aria-roledescription=\"slide\" data-date=\"2023-05-05 16:39:17\" data-filename=\"01-7-700x300.jpg\" data-slide-type=\"image\"><img fetchpriority=\"high\" decoding=\"async\" src=\"http:\/\/www.ebc.gob.bo\/portal\/wp-content\/uploads\/2023\/05\/01-7-700x300.jpg\" height=\"300\" width=\"700\" alt=\"\" class=\"slider-893 slide-900 msDefaultImage\" title=\"01\" \/><\/li>\n                <li style=\"display: none; width: 100%;\" class=\"slide-901 ms-image \" aria-roledescription=\"slide\" data-date=\"2023-05-05 16:39:17\" data-filename=\"02-5-700x300.jpg\" data-slide-type=\"image\"><img decoding=\"async\" src=\"http:\/\/www.ebc.gob.bo\/portal\/wp-content\/uploads\/2023\/05\/02-5-700x300.jpg\" height=\"300\" width=\"700\" alt=\"\" class=\"slider-893 slide-901 msDefaultImage\" title=\"02\" \/><\/li>\n                <li style=\"display: none; width: 100%;\" class=\"slide-902 ms-image \" aria-roledescription=\"slide\" data-date=\"2023-05-05 16:39:17\" data-filename=\"03-6-700x300.jpg\" data-slide-type=\"image\"><img decoding=\"async\" src=\"http:\/\/www.ebc.gob.bo\/portal\/wp-content\/uploads\/2023\/05\/03-6-700x300.jpg\" height=\"300\" width=\"700\" alt=\"\" class=\"slider-893 slide-902 msDefaultImage\" title=\"03\" \/><\/li>\n                <li style=\"display: none; width: 100%;\" class=\"slide-903 ms-image \" aria-roledescription=\"slide\" data-date=\"2023-05-05 16:39:17\" data-filename=\"04-4-700x300.jpg\" data-slide-type=\"image\"><img loading=\"lazy\" decoding=\"async\" src=\"http:\/\/www.ebc.gob.bo\/portal\/wp-content\/uploads\/2023\/05\/04-4-700x300.jpg\" height=\"300\" width=\"700\" alt=\"\" class=\"slider-893 slide-903 msDefaultImage\" title=\"04\" \/><\/li>\n                <li style=\"display: none; width: 100%;\" class=\"slide-904 ms-image \" aria-roledescription=\"slide\" data-date=\"2023-05-05 16:39:17\" data-filename=\"05-2-700x300.jpg\" data-slide-type=\"image\"><img loading=\"lazy\" decoding=\"async\" src=\"http:\/\/www.ebc.gob.bo\/portal\/wp-content\/uploads\/2023\/05\/05-2-700x300.jpg\" height=\"300\" width=\"700\" alt=\"\" class=\"slider-893 slide-904 msDefaultImage\" title=\"05\" \/><\/li>\n                <li style=\"display: none; width: 100%;\" class=\"slide-905 ms-image \" aria-roledescription=\"slide\" data-date=\"2023-05-05 16:39:17\" data-filename=\"10-700x300.jpg\" data-slide-type=\"image\"><img loading=\"lazy\" decoding=\"async\" src=\"http:\/\/www.ebc.gob.bo\/portal\/wp-content\/uploads\/2023\/05\/10-700x300.jpg\" height=\"300\" width=\"700\" alt=\"\" class=\"slider-893 slide-905 msDefaultImage\" title=\"10\" \/><\/li>\n            <\/ul>\n        <\/div>\n        \n    <\/div>\n<\/div><\/div>\n\n\n\n<p class=\"wp-block-paragraph\"><strong>CONSTRUCCI\u00d3N DE LA DOBLE V\u00cdA INDUSTRIAL EL ALTO \u2013 VIACHA \u2013 TRAMO II<\/strong><\/p>\n\n\n\n<p class=\"wp-block-paragraph\"><strong>UBICACI\u00d3N:<\/strong><\/p>\n\n\n\n<p class=\"wp-block-paragraph\">Se encuentra ubicado en Viacha &#8211; El Alto, Provincia Ingavi &#8211; Municipio de Viacha, Departamento de La Paz.<\/p>\n\n\n\n<p class=\"wp-block-paragraph\"><strong>INVERSI\u00d3N:<\/strong> Bs188.722.030.00.<\/p>\n\n\n\n<p class=\"wp-block-paragraph\"><strong>FINANCIAMIENTO:<\/strong>&nbsp;Tesoro General de la Naci\u00f3n al 100% mediante Decreto Supremo 3832, en fecha 13 de marzo 2019.<\/p>\n\n\n\n<p class=\"wp-block-paragraph\"><strong>ESTADO DE LA OBRA:<\/strong> Entregada el 16 de julio de 2022, por el Presidente <strong>Luis Arce Catacora<\/strong>.<\/p>\n\n\n\n<p class=\"wp-block-paragraph\"><strong>ENTIDAD CONTRATANTE:<\/strong> Administradora Boliviana de Carreteras \u2013 ABC.<\/p>\n\n\n\n<p class=\"wp-block-paragraph\"><strong>DESCRIPCI\u00d3N DEL PROYECTO<\/strong>:<\/p>\n\n\n\n<ul class=\"wp-block-list\">\n<li>Longitud total: 9.50 Km. De doble v\u00eda &#8211; 2 carriles de ida y 2 carriles de vuelta<\/li>\n\n\n\n<li>Bermas de 1 metro en ambos lados de la v\u00eda<\/li>\n\n\n\n<li>1 separador central de v\u00eda tipo new jersey de 0.81 metros<\/li>\n\n\n\n<li>1 muro de contenci\u00f3n<\/li>\n\n\n\n<li>Bordillos de seguridad a ambos lados<\/li>\n\n\n\n<li>Espesor de capa carpeta de 24 cm. de concreto hidr\u00e1ulico<\/li>\n\n\n\n<li>Subbase de 20 cm. espesor de material clasificado<\/li>\n\n\n\n<li>Dimensiones de las losas 2.80 X 1.75 metros<\/li>\n\n\n\n<li>Ancho de Calzada Total (ida y vuelta): 15,75 metros<\/li>\n\n\n\n<li>Vida \u00fatil de 20 a\u00f1os<\/li>\n\n\n\n<li>Proyecci\u00f3n a futuro de 8 carriles<\/li>\n<\/ul>\n\n\n\n<p class=\"wp-block-paragraph\"><strong>LOGROS REALIZADOS:<\/strong><\/p>\n\n\n\n<p class=\"wp-block-paragraph\">Se concluy\u00f3 con la construcci\u00f3n de la doble v\u00eda El Alto \u2013 Viacha, con la: Pavimentaci\u00f3n de la capa subbase de 20cm, 133.000 m2, pavimento r\u00edgido longitud de 9.547 metros; Drenaje construcci\u00f3n del muro longitud de 9300 metros, Construcci\u00f3n de 15 puentes alcantarillas, 37 sumideros, 12 c\u00e1maras de inspecci\u00f3n y 103 bajantes; Fabricaci\u00f3n e instalaci\u00f3n de 313 se\u00f1ales verticales reflectivas, Instalaci\u00f3n de 612 m de defensas, Instalaci\u00f3n de 20 puntos de sem\u00e1foros, 68 postes met\u00e1licos y 167 sem\u00e1foros); Pintado de 50.250 metros lineales de pintura reflectaba horizontal de 15cm, Pintado de 1.350 m2 de pasos peatonales reflectabas, etc.<\/p>\n\n\n\n<p class=\"wp-block-paragraph\"><strong>IMPACTO:<\/strong><\/p>\n\n\n\n<p class=\"wp-block-paragraph\">La construcci\u00f3n de la Doble V\u00eda El Alto &#8211; Viacha: Tramo II, permite mejorar el estado funcional de la carretera garantizando la transpirabilidad permanente y segura para la poblaci\u00f3n de la Ciudad de El Alto y Viacha, permitir\u00e1 el f\u00e1cil acceso a los centros urbanos, educaci\u00f3n y salud; mejora las condiciones de seguridad para el peat\u00f3n implementando la se\u00f1alizaci\u00f3n correspondiente para su f\u00e1cil transitabilidad.<\/p>\n","protected":false},"excerpt":{"rendered":"<p>CONSTRUCCI\u00d3N DE LA DOBLE V\u00cdA INDUSTRIAL EL ALTO \u2013 VIACHA \u2013 TRAMO II UBICACI\u00d3N: Se encuentra ubicado en Viacha &#8211;<\/p>\n","protected":false},"author":1,"featured_media":897,"comment_status":"closed","ping_status":"open","sticky":false,"template":"","format":"gallery","meta":{"colormag_page_layout":"no_sidebar_content_centered","_joinchat":[],"footnotes":""},"categories":[10,2],"tags":[],"class_list":["post-906","post","type-post","status-publish","format-gallery","has-post-thumbnail","hentry","category-general","category-business","post_format-post-format-gallery"],"aioseo_notices":[],"aioseo_head":"\n\t\t<!-- All in One SEO 5.0.1.1 - aioseo.com -->\n\t<meta name=\"description\" content=\"CONSTRUCCI\u00d3N DE LA DOBLE V\u00cdA INDUSTRIAL EL ALTO \u2013 VIACHA \u2013 TRAMO II UBICACI\u00d3N: Se encuentra ubicado en Viacha - El Alto, Provincia Ingavi - Municipio de Viacha, Departamento de La Paz. INVERSI\u00d3N: Bs188.722.030.00. FINANCIAMIENTO: Tesoro General de la Naci\u00f3n al 100% mediante Decreto Supremo 3832, en fecha 13 de marzo 2019. ESTADO DE LA OBRA:\" \/>\n\t<meta name=\"robots\" content=\"max-image-preview:large\" \/>\n\t<meta name=\"author\" content=\"EBC\"\/>\n\t<link rel=\"canonical\" href=\"http:\/\/www.ebc.gob.bo\/portal\/index.php\/2023\/05\/05\/doble-via-industrial-el-alto-viacha-tramo-ii\/\" \/>\n\t<meta name=\"generator\" content=\"All in One SEO (AIOSEO) 5.0.1.1\" \/>\n\t\t<meta property=\"og:locale\" content=\"es_ES\" \/>\n\t\t<meta property=\"og:site_name\" content=\"EBC - Empresa Estrat\u00e9gica Boliviana de Construcci\u00f3n y Conservaci\u00f3n de Infraestructura Civil\" \/>\n\t\t<meta property=\"og:type\" content=\"article\" \/>\n\t\t<meta property=\"og:title\" content=\"DOBLE V\u00cdA INDUSTRIAL EL ALTO \u2013 VIACHA - EBC\" \/>\n\t\t<meta property=\"og:description\" content=\"CONSTRUCCI\u00d3N DE LA DOBLE V\u00cdA INDUSTRIAL EL ALTO \u2013 VIACHA \u2013 TRAMO II UBICACI\u00d3N: Se encuentra ubicado en Viacha - El Alto, Provincia Ingavi - Municipio de Viacha, Departamento de La Paz. INVERSI\u00d3N: Bs188.722.030.00. FINANCIAMIENTO: Tesoro General de la Naci\u00f3n al 100% mediante Decreto Supremo 3832, en fecha 13 de marzo 2019. ESTADO DE LA OBRA:\" \/>\n\t\t<meta property=\"og:url\" content=\"http:\/\/www.ebc.gob.bo\/portal\/index.php\/2023\/05\/05\/doble-via-industrial-el-alto-viacha-tramo-ii\/\" \/>\n\t\t<meta property=\"og:image\" content=\"http:\/\/www.ebc.gob.bo\/portal\/wp-content\/uploads\/2023\/05\/04-4.jpg\" \/>\n\t\t<meta property=\"og:image:width\" content=\"1500\" \/>\n\t\t<meta property=\"og:image:height\" content=\"1000\" \/>\n\t\t<meta property=\"article:published_time\" content=\"2023-05-05T20:40:51+00:00\" \/>\n\t\t<meta property=\"article:modified_time\" content=\"2024-11-25T22:04:21+00:00\" \/>\n\t\t<meta property=\"article:publisher\" content=\"https:\/\/www.facebook.com\/share\/1M1SNLMFT3\/\" \/>\n\t\t<meta name=\"twitter:card\" content=\"summary_large_image\" \/>\n\t\t<meta name=\"twitter:site\" content=\"@bolivia_ebc\" \/>\n\t\t<meta name=\"twitter:title\" content=\"DOBLE V\u00cdA INDUSTRIAL EL ALTO \u2013 VIACHA - EBC\" \/>\n\t\t<meta name=\"twitter:description\" content=\"CONSTRUCCI\u00d3N DE LA DOBLE V\u00cdA INDUSTRIAL EL ALTO \u2013 VIACHA \u2013 TRAMO II UBICACI\u00d3N: Se encuentra ubicado en Viacha - El Alto, Provincia Ingavi - Municipio de Viacha, Departamento de La Paz. INVERSI\u00d3N: Bs188.722.030.00. FINANCIAMIENTO: Tesoro General de la Naci\u00f3n al 100% mediante Decreto Supremo 3832, en fecha 13 de marzo 2019. ESTADO DE LA OBRA:\" \/>\n\t\t<meta name=\"twitter:creator\" content=\"@bolivia_ebc\" \/>\n\t\t<meta name=\"twitter:image\" content=\"http:\/\/www.ebc.gob.bo\/portal\/wp-content\/uploads\/2023\/05\/04-4.jpg\" \/>\n\t\t<script type=\"application\/ld+json\" class=\"aioseo-schema\">\n\t\t\t{\"@context\":\"https:\\\/\\\/schema.org\",\"@graph\":[{\"@type\":\"BlogPosting\",\"@id\":\"http:\\\/\\\/www.ebc.gob.bo\\\/portal\\\/index.php\\\/2023\\\/05\\\/05\\\/doble-via-industrial-el-alto-viacha-tramo-ii\\\/#blogposting\",\"name\":\"DOBLE V\\u00cdA INDUSTRIAL EL ALTO \\u2013 VIACHA - EBC\",\"headline\":\"DOBLE V\\u00cdA INDUSTRIAL EL ALTO \\u2013 VIACHA\",\"author\":{\"@id\":\"http:\\\/\\\/www.ebc.gob.bo\\\/portal\\\/index.php\\\/author\\\/admin\\\/#author\"},\"publisher\":{\"@id\":\"http:\\\/\\\/www.ebc.gob.bo\\\/portal\\\/#organization\"},\"image\":{\"@type\":\"ImageObject\",\"url\":\"http:\\\/\\\/www.ebc.gob.bo\\\/portal\\\/wp-content\\\/uploads\\\/2023\\\/05\\\/04-4.jpg\",\"width\":1500,\"height\":1000},\"datePublished\":\"2023-05-05T16:40:51-04:00\",\"dateModified\":\"2024-11-25T18:04:21-04:00\",\"inLanguage\":\"es-ES\",\"mainEntityOfPage\":{\"@id\":\"http:\\\/\\\/www.ebc.gob.bo\\\/portal\\\/index.php\\\/2023\\\/05\\\/05\\\/doble-via-industrial-el-alto-viacha-tramo-ii\\\/#webpage\"},\"isPartOf\":{\"@id\":\"http:\\\/\\\/www.ebc.gob.bo\\\/portal\\\/index.php\\\/2023\\\/05\\\/05\\\/doble-via-industrial-el-alto-viacha-tramo-ii\\\/#webpage\"},\"articleSection\":\"General, Obra Concluida, Galer\\u00eda\"},{\"@type\":\"BreadcrumbList\",\"@id\":\"http:\\\/\\\/www.ebc.gob.bo\\\/portal\\\/index.php\\\/2023\\\/05\\\/05\\\/doble-via-industrial-el-alto-viacha-tramo-ii\\\/#breadcrumblist\",\"itemListElement\":[{\"@type\":\"ListItem\",\"@id\":\"http:\\\/\\\/www.ebc.gob.bo\\\/portal#listItem\",\"position\":1,\"name\":\"Inicio\",\"item\":\"http:\\\/\\\/www.ebc.gob.bo\\\/portal\",\"nextItem\":{\"@type\":\"ListItem\",\"@id\":\"http:\\\/\\\/www.ebc.gob.bo\\\/portal\\\/index.php\\\/category\\\/business\\\/#listItem\",\"name\":\"Obra Concluida\"}},{\"@type\":\"ListItem\",\"@id\":\"http:\\\/\\\/www.ebc.gob.bo\\\/portal\\\/index.php\\\/category\\\/business\\\/#listItem\",\"position\":2,\"name\":\"Obra Concluida\",\"item\":\"http:\\\/\\\/www.ebc.gob.bo\\\/portal\\\/index.php\\\/category\\\/business\\\/\",\"nextItem\":{\"@type\":\"ListItem\",\"@id\":\"http:\\\/\\\/www.ebc.gob.bo\\\/portal\\\/index.php\\\/2023\\\/05\\\/05\\\/doble-via-industrial-el-alto-viacha-tramo-ii\\\/#listItem\",\"name\":\"DOBLE V\\u00cdA INDUSTRIAL EL ALTO \\u2013 VIACHA\"},\"previousItem\":{\"@type\":\"ListItem\",\"@id\":\"http:\\\/\\\/www.ebc.gob.bo\\\/portal#listItem\",\"name\":\"Inicio\"}},{\"@type\":\"ListItem\",\"@id\":\"http:\\\/\\\/www.ebc.gob.bo\\\/portal\\\/index.php\\\/2023\\\/05\\\/05\\\/doble-via-industrial-el-alto-viacha-tramo-ii\\\/#listItem\",\"position\":3,\"name\":\"DOBLE V\\u00cdA INDUSTRIAL EL ALTO \\u2013 VIACHA\",\"previousItem\":{\"@type\":\"ListItem\",\"@id\":\"http:\\\/\\\/www.ebc.gob.bo\\\/portal\\\/index.php\\\/category\\\/business\\\/#listItem\",\"name\":\"Obra Concluida\"}}]},{\"@type\":\"Organization\",\"@id\":\"http:\\\/\\\/www.ebc.gob.bo\\\/portal\\\/#organization\",\"name\":\"EBC\",\"description\":\"Empresa Estrat\\u00e9gica Boliviana de Construcci\\u00f3n y Conservaci\\u00f3n de Infraestructura Civil\",\"url\":\"http:\\\/\\\/www.ebc.gob.bo\\\/portal\\\/\",\"logo\":{\"@type\":\"ImageObject\",\"url\":\"http:\\\/\\\/www.ebc.gob.bo\\\/portal\\\/wp-content\\\/uploads\\\/2026\\\/05\\\/Empresa-Estrategica-Boliviana-1.jpg\",\"@id\":\"http:\\\/\\\/www.ebc.gob.bo\\\/portal\\\/index.php\\\/2023\\\/05\\\/05\\\/doble-via-industrial-el-alto-viacha-tramo-ii\\\/#organizationLogo\",\"width\":1350,\"height\":204},\"image\":{\"@id\":\"http:\\\/\\\/www.ebc.gob.bo\\\/portal\\\/index.php\\\/2023\\\/05\\\/05\\\/doble-via-industrial-el-alto-viacha-tramo-ii\\\/#organizationLogo\"},\"sameAs\":[\"https:\\\/\\\/www.facebook.com\\\/share\\\/1M1SNLMFT3\\\/\",\"https:\\\/\\\/x.com\\\/bolivia_ebc?t=fbPl6a1W2RVzjPiUoQjL5w&s=09\",\"https:\\\/\\\/www.tiktok.com\\\/@ebc.bolivia?_t=ZM-8yQy3KsZgng&_r=1\"]},{\"@type\":\"Person\",\"@id\":\"http:\\\/\\\/www.ebc.gob.bo\\\/portal\\\/index.php\\\/author\\\/admin\\\/#author\",\"url\":\"http:\\\/\\\/www.ebc.gob.bo\\\/portal\\\/index.php\\\/author\\\/admin\\\/\",\"name\":\"EBC\"},{\"@type\":\"WebPage\",\"@id\":\"http:\\\/\\\/www.ebc.gob.bo\\\/portal\\\/index.php\\\/2023\\\/05\\\/05\\\/doble-via-industrial-el-alto-viacha-tramo-ii\\\/#webpage\",\"url\":\"http:\\\/\\\/www.ebc.gob.bo\\\/portal\\\/index.php\\\/2023\\\/05\\\/05\\\/doble-via-industrial-el-alto-viacha-tramo-ii\\\/\",\"name\":\"DOBLE V\\u00cdA INDUSTRIAL EL ALTO \\u2013 VIACHA - EBC\",\"description\":\"CONSTRUCCI\\u00d3N DE LA DOBLE V\\u00cdA INDUSTRIAL EL ALTO \\u2013 VIACHA \\u2013 TRAMO II UBICACI\\u00d3N: Se encuentra ubicado en Viacha - El Alto, Provincia Ingavi - Municipio de Viacha, Departamento de La Paz. INVERSI\\u00d3N: Bs188.722.030.00. FINANCIAMIENTO: Tesoro General de la Naci\\u00f3n al 100% mediante Decreto Supremo 3832, en fecha 13 de marzo 2019. ESTADO DE LA OBRA:\",\"inLanguage\":\"es-ES\",\"isPartOf\":{\"@id\":\"http:\\\/\\\/www.ebc.gob.bo\\\/portal\\\/#website\"},\"breadcrumb\":{\"@id\":\"http:\\\/\\\/www.ebc.gob.bo\\\/portal\\\/index.php\\\/2023\\\/05\\\/05\\\/doble-via-industrial-el-alto-viacha-tramo-ii\\\/#breadcrumblist\"},\"author\":{\"@id\":\"http:\\\/\\\/www.ebc.gob.bo\\\/portal\\\/index.php\\\/author\\\/admin\\\/#author\"},\"creator\":{\"@id\":\"http:\\\/\\\/www.ebc.gob.bo\\\/portal\\\/index.php\\\/author\\\/admin\\\/#author\"},\"image\":{\"@type\":\"ImageObject\",\"url\":\"http:\\\/\\\/www.ebc.gob.bo\\\/portal\\\/wp-content\\\/uploads\\\/2023\\\/05\\\/04-4.jpg\",\"@id\":\"http:\\\/\\\/www.ebc.gob.bo\\\/portal\\\/index.php\\\/2023\\\/05\\\/05\\\/doble-via-industrial-el-alto-viacha-tramo-ii\\\/#mainImage\",\"width\":1500,\"height\":1000},\"primaryImageOfPage\":{\"@id\":\"http:\\\/\\\/www.ebc.gob.bo\\\/portal\\\/index.php\\\/2023\\\/05\\\/05\\\/doble-via-industrial-el-alto-viacha-tramo-ii\\\/#mainImage\"},\"datePublished\":\"2023-05-05T16:40:51-04:00\",\"dateModified\":\"2024-11-25T18:04:21-04:00\"},{\"@type\":\"WebSite\",\"@id\":\"http:\\\/\\\/www.ebc.gob.bo\\\/portal\\\/#website\",\"url\":\"http:\\\/\\\/www.ebc.gob.bo\\\/portal\\\/\",\"name\":\"EBC\",\"description\":\"Empresa Estrat\\u00e9gica Boliviana de Construcci\\u00f3n y Conservaci\\u00f3n de Infraestructura Civil\",\"inLanguage\":\"es-ES\",\"publisher\":{\"@id\":\"http:\\\/\\\/www.ebc.gob.bo\\\/portal\\\/#organization\"}}]}\n\t\t<\/script>\n\t\t<!-- All in One SEO -->\n\n","aioseo_head_json":{"title":"DOBLE V\u00cdA INDUSTRIAL EL ALTO \u2013 VIACHA - EBC","description":"CONSTRUCCI\u00d3N DE LA DOBLE V\u00cdA INDUSTRIAL EL ALTO \u2013 VIACHA \u2013 TRAMO II UBICACI\u00d3N: Se encuentra ubicado en Viacha - El Alto, Provincia Ingavi - Municipio de Viacha, Departamento de La Paz. INVERSI\u00d3N: Bs188.722.030.00. FINANCIAMIENTO: Tesoro General de la Naci\u00f3n al 100% mediante Decreto Supremo 3832, en fecha 13 de marzo 2019. ESTADO DE LA OBRA:","canonical_url":"http:\/\/www.ebc.gob.bo\/portal\/index.php\/2023\/05\/05\/doble-via-industrial-el-alto-viacha-tramo-ii\/","robots":"max-image-preview:large","keywords":"","webmasterTools":{"miscellaneous":""},"schema":{"@context":"https:\/\/schema.org","@graph":[{"@type":"BlogPosting","@id":"http:\/\/www.ebc.gob.bo\/portal\/index.php\/2023\/05\/05\/doble-via-industrial-el-alto-viacha-tramo-ii\/#blogposting","name":"DOBLE V\u00cdA INDUSTRIAL EL ALTO \u2013 VIACHA - EBC","headline":"DOBLE V\u00cdA INDUSTRIAL EL ALTO \u2013 VIACHA","author":{"@id":"http:\/\/www.ebc.gob.bo\/portal\/index.php\/author\/admin\/#author"},"publisher":{"@id":"http:\/\/www.ebc.gob.bo\/portal\/#organization"},"image":{"@type":"ImageObject","url":"http:\/\/www.ebc.gob.bo\/portal\/wp-content\/uploads\/2023\/05\/04-4.jpg","width":1500,"height":1000},"datePublished":"2023-05-05T16:40:51-04:00","dateModified":"2024-11-25T18:04:21-04:00","inLanguage":"es-ES","mainEntityOfPage":{"@id":"http:\/\/www.ebc.gob.bo\/portal\/index.php\/2023\/05\/05\/doble-via-industrial-el-alto-viacha-tramo-ii\/#webpage"},"isPartOf":{"@id":"http:\/\/www.ebc.gob.bo\/portal\/index.php\/2023\/05\/05\/doble-via-industrial-el-alto-viacha-tramo-ii\/#webpage"},"articleSection":"General, Obra Concluida, Galer\u00eda"},{"@type":"BreadcrumbList","@id":"http:\/\/www.ebc.gob.bo\/portal\/index.php\/2023\/05\/05\/doble-via-industrial-el-alto-viacha-tramo-ii\/#breadcrumblist","itemListElement":[{"@type":"ListItem","@id":"http:\/\/www.ebc.gob.bo\/portal#listItem","position":1,"name":"Inicio","item":"http:\/\/www.ebc.gob.bo\/portal","nextItem":{"@type":"ListItem","@id":"http:\/\/www.ebc.gob.bo\/portal\/index.php\/category\/business\/#listItem","name":"Obra Concluida"}},{"@type":"ListItem","@id":"http:\/\/www.ebc.gob.bo\/portal\/index.php\/category\/business\/#listItem","position":2,"name":"Obra Concluida","item":"http:\/\/www.ebc.gob.bo\/portal\/index.php\/category\/business\/","nextItem":{"@type":"ListItem","@id":"http:\/\/www.ebc.gob.bo\/portal\/index.php\/2023\/05\/05\/doble-via-industrial-el-alto-viacha-tramo-ii\/#listItem","name":"DOBLE V\u00cdA INDUSTRIAL EL ALTO \u2013 VIACHA"},"previousItem":{"@type":"ListItem","@id":"http:\/\/www.ebc.gob.bo\/portal#listItem","name":"Inicio"}},{"@type":"ListItem","@id":"http:\/\/www.ebc.gob.bo\/portal\/index.php\/2023\/05\/05\/doble-via-industrial-el-alto-viacha-tramo-ii\/#listItem","position":3,"name":"DOBLE V\u00cdA INDUSTRIAL EL ALTO \u2013 VIACHA","previousItem":{"@type":"ListItem","@id":"http:\/\/www.ebc.gob.bo\/portal\/index.php\/category\/business\/#listItem","name":"Obra Concluida"}}]},{"@type":"Organization","@id":"http:\/\/www.ebc.gob.bo\/portal\/#organization","name":"EBC","description":"Empresa Estrat\u00e9gica Boliviana de Construcci\u00f3n y Conservaci\u00f3n de Infraestructura Civil","url":"http:\/\/www.ebc.gob.bo\/portal\/","logo":{"@type":"ImageObject","url":"http:\/\/www.ebc.gob.bo\/portal\/wp-content\/uploads\/2026\/05\/Empresa-Estrategica-Boliviana-1.jpg","@id":"http:\/\/www.ebc.gob.bo\/portal\/index.php\/2023\/05\/05\/doble-via-industrial-el-alto-viacha-tramo-ii\/#organizationLogo","width":1350,"height":204},"image":{"@id":"http:\/\/www.ebc.gob.bo\/portal\/index.php\/2023\/05\/05\/doble-via-industrial-el-alto-viacha-tramo-ii\/#organizationLogo"},"sameAs":["https:\/\/www.facebook.com\/share\/1M1SNLMFT3\/","https:\/\/x.com\/bolivia_ebc?t=fbPl6a1W2RVzjPiUoQjL5w&s=09","https:\/\/www.tiktok.com\/@ebc.bolivia?_t=ZM-8yQy3KsZgng&_r=1"]},{"@type":"Person","@id":"http:\/\/www.ebc.gob.bo\/portal\/index.php\/author\/admin\/#author","url":"http:\/\/www.ebc.gob.bo\/portal\/index.php\/author\/admin\/","name":"EBC"},{"@type":"WebPage","@id":"http:\/\/www.ebc.gob.bo\/portal\/index.php\/2023\/05\/05\/doble-via-industrial-el-alto-viacha-tramo-ii\/#webpage","url":"http:\/\/www.ebc.gob.bo\/portal\/index.php\/2023\/05\/05\/doble-via-industrial-el-alto-viacha-tramo-ii\/","name":"DOBLE V\u00cdA INDUSTRIAL EL ALTO \u2013 VIACHA - EBC","description":"CONSTRUCCI\u00d3N DE LA DOBLE V\u00cdA INDUSTRIAL EL ALTO \u2013 VIACHA \u2013 TRAMO II UBICACI\u00d3N: Se encuentra ubicado en Viacha - El Alto, Provincia Ingavi - Municipio de Viacha, Departamento de La Paz. INVERSI\u00d3N: Bs188.722.030.00. FINANCIAMIENTO: Tesoro General de la Naci\u00f3n al 100% mediante Decreto Supremo 3832, en fecha 13 de marzo 2019. ESTADO DE LA OBRA:","inLanguage":"es-ES","isPartOf":{"@id":"http:\/\/www.ebc.gob.bo\/portal\/#website"},"breadcrumb":{"@id":"http:\/\/www.ebc.gob.bo\/portal\/index.php\/2023\/05\/05\/doble-via-industrial-el-alto-viacha-tramo-ii\/#breadcrumblist"},"author":{"@id":"http:\/\/www.ebc.gob.bo\/portal\/index.php\/author\/admin\/#author"},"creator":{"@id":"http:\/\/www.ebc.gob.bo\/portal\/index.php\/author\/admin\/#author"},"image":{"@type":"ImageObject","url":"http:\/\/www.ebc.gob.bo\/portal\/wp-content\/uploads\/2023\/05\/04-4.jpg","@id":"http:\/\/www.ebc.gob.bo\/portal\/index.php\/2023\/05\/05\/doble-via-industrial-el-alto-viacha-tramo-ii\/#mainImage","width":1500,"height":1000},"primaryImageOfPage":{"@id":"http:\/\/www.ebc.gob.bo\/portal\/index.php\/2023\/05\/05\/doble-via-industrial-el-alto-viacha-tramo-ii\/#mainImage"},"datePublished":"2023-05-05T16:40:51-04:00","dateModified":"2024-11-25T18:04:21-04:00"},{"@type":"WebSite","@id":"http:\/\/www.ebc.gob.bo\/portal\/#website","url":"http:\/\/www.ebc.gob.bo\/portal\/","name":"EBC","description":"Empresa Estrat\u00e9gica Boliviana de Construcci\u00f3n y Conservaci\u00f3n de Infraestructura Civil","inLanguage":"es-ES","publisher":{"@id":"http:\/\/www.ebc.gob.bo\/portal\/#organization"}}]},"og:locale":"es_ES","og:site_name":"EBC - Empresa Estrat\u00e9gica Boliviana de Construcci\u00f3n y Conservaci\u00f3n de Infraestructura Civil","og:type":"article","og:title":"DOBLE V\u00cdA INDUSTRIAL EL ALTO \u2013 VIACHA - EBC","og:description":"CONSTRUCCI\u00d3N DE LA DOBLE V\u00cdA INDUSTRIAL EL ALTO \u2013 VIACHA \u2013 TRAMO II UBICACI\u00d3N: Se encuentra ubicado en Viacha - El Alto, Provincia Ingavi - Municipio de Viacha, Departamento de La Paz. INVERSI\u00d3N: Bs188.722.030.00. FINANCIAMIENTO: Tesoro General de la Naci\u00f3n al 100% mediante Decreto Supremo 3832, en fecha 13 de marzo 2019. ESTADO DE LA OBRA:","og:url":"http:\/\/www.ebc.gob.bo\/portal\/index.php\/2023\/05\/05\/doble-via-industrial-el-alto-viacha-tramo-ii\/","og:image":"http:\/\/www.ebc.gob.bo\/portal\/wp-content\/uploads\/2023\/05\/04-4.jpg","og:image:width":1500,"og:image:height":1000,"article:published_time":"2023-05-05T20:40:51+00:00","article:modified_time":"2024-11-25T22:04:21+00:00","article:publisher":"https:\/\/www.facebook.com\/share\/1M1SNLMFT3\/","twitter:card":"summary_large_image","twitter:site":"@bolivia_ebc","twitter:title":"DOBLE V\u00cdA INDUSTRIAL EL ALTO \u2013 VIACHA - EBC","twitter:description":"CONSTRUCCI\u00d3N DE LA DOBLE V\u00cdA INDUSTRIAL EL ALTO \u2013 VIACHA \u2013 TRAMO II UBICACI\u00d3N: Se encuentra ubicado en Viacha - El Alto, Provincia Ingavi - Municipio de Viacha, Departamento de La Paz. INVERSI\u00d3N: Bs188.722.030.00. FINANCIAMIENTO: Tesoro General de la Naci\u00f3n al 100% mediante Decreto Supremo 3832, en fecha 13 de marzo 2019. ESTADO DE LA OBRA:","twitter:creator":"@bolivia_ebc","twitter:image":"http:\/\/www.ebc.gob.bo\/portal\/wp-content\/uploads\/2023\/05\/04-4.jpg"},"aioseo_meta_data":{"post_id":"906","title":null,"description":null,"keywords":null,"keyphrases":{"focus":{"keyphrase":"","score":0,"analysis":{"keyphraseInTitle":{"score":0,"maxScore":9,"error":1}}},"additional":[]},"primary_term":null,"canonical_url":null,"og_title":null,"og_description":null,"og_object_type":"default","og_image_type":"default","og_image_url":null,"og_image_width":null,"og_image_height":null,"og_image_custom_url":null,"og_image_custom_fields":null,"og_video":"","og_custom_url":null,"og_article_section":null,"og_article_tags":null,"twitter_use_og":false,"twitter_card":"default","twitter_image_type":"default","twitter_image_url":null,"twitter_image_custom_url":null,"twitter_image_custom_fields":null,"twitter_title":null,"twitter_description":null,"schema":{"blockGraphs":[],"customGraphs":[],"default":{"data":{"Article":[],"Course":[],"Dataset":[],"FAQPage":[],"Movie":[],"Person":[],"Product":[],"ProductReview":[],"Car":[],"Recipe":[],"Service":[],"SoftwareApplication":[],"WebPage":[]},"graphName":"BlogPosting","isEnabled":true},"graphs":[]},"schema_type":"default","schema_type_options":null,"pillar_content":false,"robots_default":true,"robots_noindex":false,"robots_noarchive":false,"robots_nosnippet":false,"robots_nofollow":false,"robots_noimageindex":false,"robots_noodp":false,"robots_notranslate":false,"robots_max_snippet":"-1","robots_max_videopreview":"-1","robots_max_imagepreview":"large","priority":null,"frequency":"default","local_seo":null,"breadcrumb_settings":null,"limit_modified_date":false,"ai":null,"created":"2023-09-20 02:10:23","updated":"2026-04-26 08:03:09","focus_keyword":null,"additional_keywords":null,"truseo_locale":null,"seo_analyzer_scan_date":null},"aioseo_breadcrumb":"<div class=\"aioseo-breadcrumbs\"><span class=\"aioseo-breadcrumb\">\n\t\t\t<a href=\"http:\/\/www.ebc.gob.bo\/portal\" title=\"Inicio\">Inicio<\/a>\n\t\t<\/span><span class=\"aioseo-breadcrumb-separator\">&raquo;<\/span><span class=\"aioseo-breadcrumb\">\n\t\t\t<a href=\"http:\/\/www.ebc.gob.bo\/portal\/index.php\/category\/business\/\" title=\"Obra Concluida\">Obra Concluida<\/a>\n\t\t<\/span><span class=\"aioseo-breadcrumb-separator\">&raquo;<\/span><span class=\"aioseo-breadcrumb\">\n\t\t\tDOBLE V\u00cdA INDUSTRIAL EL ALTO \u2013 VIACHA\n\t\t<\/span><\/div>","aioseo_breadcrumb_json":[{"label":"Inicio","link":"http:\/\/www.ebc.gob.bo\/portal"},{"label":"Obra Concluida","link":"http:\/\/www.ebc.gob.bo\/portal\/index.php\/category\/business\/"},{"label":"DOBLE V\u00cdA INDUSTRIAL EL ALTO \u2013 VIACHA","link":"http:\/\/www.ebc.gob.bo\/portal\/index.php\/2023\/05\/05\/doble-via-industrial-el-alto-viacha-tramo-ii\/"}],"_links":{"self":[{"href":"http:\/\/www.ebc.gob.bo\/portal\/index.php\/wp-json\/wp\/v2\/posts\/906","targetHints":{"allow":["GET"]}}],"collection":[{"href":"http:\/\/www.ebc.gob.bo\/portal\/index.php\/wp-json\/wp\/v2\/posts"}],"about":[{"href":"http:\/\/www.ebc.gob.bo\/portal\/index.php\/wp-json\/wp\/v2\/types\/post"}],"author":[{"embeddable":true,"href":"http:\/\/www.ebc.gob.bo\/portal\/index.php\/wp-json\/wp\/v2\/users\/1"}],"replies":[{"embeddable":true,"href":"http:\/\/www.ebc.gob.bo\/portal\/index.php\/wp-json\/wp\/v2\/comments?post=906"}],"version-history":[{"count":5,"href":"http:\/\/www.ebc.gob.bo\/portal\/index.php\/wp-json\/wp\/v2\/posts\/906\/revisions"}],"predecessor-version":[{"id":4571,"href":"http:\/\/www.ebc.gob.bo\/portal\/index.php\/wp-json\/wp\/v2\/posts\/906\/revisions\/4571"}],"wp:featuredmedia":[{"embeddable":true,"href":"http:\/\/www.ebc.gob.bo\/portal\/index.php\/wp-json\/wp\/v2\/media\/897"}],"wp:attachment":[{"href":"http:\/\/www.ebc.gob.bo\/portal\/index.php\/wp-json\/wp\/v2\/media?parent=906"}],"wp:term":[{"taxonomy":"category","embeddable":true,"href":"http:\/\/www.ebc.gob.bo\/portal\/index.php\/wp-json\/wp\/v2\/categories?post=906"},{"taxonomy":"post_tag","embeddable":true,"href":"http:\/\/www.ebc.gob.bo\/portal\/index.php\/wp-json\/wp\/v2\/tags?post=906"}],"curies":[{"name":"wp","href":"https:\/\/api.w.org\/{rel}","templated":true}]}}