{"id":917,"date":"2023-05-05T16:46:09","date_gmt":"2023-05-05T20:46:09","guid":{"rendered":"https:\/\/www.ebc.gob.bo\/portal\/?p=917"},"modified":"2025-02-06T10:02:43","modified_gmt":"2025-02-06T14:02:43","slug":"obras-complementarias-en-puerto-villarroel","status":"publish","type":"post","link":"http:\/\/www.ebc.gob.bo\/portal\/index.php\/2023\/05\/05\/obras-complementarias-en-puerto-villarroel\/","title":{"rendered":"PUERTO VILLARROEL"},"content":{"rendered":"\n<div class=\"alignnormal\"><div id=\"metaslider-id-908\" style=\"width: 100%;\" class=\"ml-slider-3-108-0 metaslider metaslider-flex metaslider-908 ml-slider has-dots-nav ms-theme-default\" role=\"region\" aria-label=\"Obras Complementarias en Puerto Villarroel\" data-height=\"300\" data-width=\"700\">\n    <div id=\"metaslider_container_908\">\n        <div id=\"metaslider_908\">\n            <ul class='slides'>\n                <li style=\"display: block; width: 100%;\" class=\"slide-913 ms-image \" aria-roledescription=\"slide\" data-date=\"2023-05-05 16:44:22\" data-filename=\"02-6-700x300.jpg\" data-slide-type=\"image\"><img fetchpriority=\"high\" decoding=\"async\" src=\"http:\/\/www.ebc.gob.bo\/portal\/wp-content\/uploads\/2023\/05\/02-6-700x300.jpg\" height=\"300\" width=\"700\" alt=\"\" class=\"slider-908 slide-913 msDefaultImage\" title=\"02\" \/><\/li>\n                <li style=\"display: none; width: 100%;\" class=\"slide-914 ms-image \" aria-roledescription=\"slide\" data-date=\"2023-05-05 16:44:22\" data-filename=\"03-7-700x300.jpg\" data-slide-type=\"image\"><img decoding=\"async\" src=\"http:\/\/www.ebc.gob.bo\/portal\/wp-content\/uploads\/2023\/05\/03-7-700x300.jpg\" height=\"300\" width=\"700\" alt=\"\" class=\"slider-908 slide-914 msDefaultImage\" title=\"03\" \/><\/li>\n                <li style=\"display: none; width: 100%;\" class=\"slide-915 ms-image \" aria-roledescription=\"slide\" data-date=\"2023-05-05 16:44:22\" data-filename=\"04-5-700x300.jpg\" data-slide-type=\"image\"><img decoding=\"async\" src=\"http:\/\/www.ebc.gob.bo\/portal\/wp-content\/uploads\/2023\/05\/04-5-700x300.jpg\" height=\"300\" width=\"700\" alt=\"\" class=\"slider-908 slide-915 msDefaultImage\" title=\"04\" \/><\/li>\n                <li style=\"display: none; width: 100%;\" class=\"slide-916 ms-image \" aria-roledescription=\"slide\" data-date=\"2023-05-05 16:44:22\" data-filename=\"11-1-700x300.jpg\" data-slide-type=\"image\"><img loading=\"lazy\" decoding=\"async\" src=\"http:\/\/www.ebc.gob.bo\/portal\/wp-content\/uploads\/2023\/05\/11-1-700x300.jpg\" height=\"300\" width=\"700\" alt=\"\" class=\"slider-908 slide-916 msDefaultImage\" title=\"11\" \/><\/li>\n            <\/ul>\n        <\/div>\n        \n    <\/div>\n<\/div><\/div>\n\n\n\n<p><strong>CONSTRUCCI\u00d3N DE OBRAS COMPLEMENTARIAS (PROTECCI\u00d3N Y MEJORAMIENTO PORTUARIO) EN PUERTO VILLARROEL<\/strong><\/p>\n\n\n\n<p><strong>UBICACI\u00d3N:<\/strong><\/p>\n\n\n\n<p>Comienza en un tramo del r\u00edo Ichilo, en el municipio de Puerto Villarroel provincia Carrasco del departamento de Cochabamba, en el centro de Bolivia, y contin\u00faa a lo largo del R\u00edo Mamor\u00e9, que desemboca en la regi\u00f3n amaz\u00f3nica del Beni, (Puerto Sucre en Guayaramer\u00edn, Trinidad, Santa Ana de Yacuma, las localidades de Exaltaci\u00f3n, Puerto Siles, San Ram\u00f3n, entre los m\u00e1s importantes) en el norte del pa\u00eds, en la frontera con Brasil.<\/p>\n\n\n\n<p><strong>INVERSI\u00d3N:<\/strong> Bs4.900.000,00.<\/p>\n\n\n\n<p><strong>ESTADO DE LA OBRA:<\/strong> Entregada en la gesti\u00f3n 2022.<\/p>\n\n\n\n<p><strong>ENTIDAD CONTRATANTE:<\/strong> Ministerio de Obras P\u00fablicas, Servicios y Vivienda.<\/p>\n\n\n\n<p><strong>OBJETIVO GENERAL DE LA OBRA:<\/strong><\/p>\n\n\n\n<p>Es mejorar las condiciones de navegabilidad del eje Ichilo \u2013 Mamor\u00e9 a trav\u00e9s de la construcci\u00f3n de obras complementarias (obras de protecci\u00f3n y mejoramiento portuario) en Puerto Villarroel.<\/p>\n\n\n\n<p><strong>LOGROS REALIZADOS:<\/strong><\/p>\n\n\n\n<p>El proyecto concluido consiste en la construcci\u00f3n de una plataforma de embarque ubicado en predios del SEMENA con las obras de protecci\u00f3n y encauce.<\/p>\n\n\n\n<p><strong>IMPACTO:<\/strong><\/p>\n\n\n\n<p>La construcci\u00f3n de las obras complementarias (Protecci\u00f3n y Mejoramiento Portuario) Puerto Villarroel significa el mejoramiento de las condiciones de navegabilidad del eje Ichilo \u2013 Mamor\u00e9. La Hidrov\u00eda Ichilo-Mamor\u00e9 articular\u00e1 internamente el Estado Plurinacional de Bolivia y potenciar\u00e1 el desarrollo econ\u00f3mico de los productores agricultores, pecuario y forestal donde se podr\u00e1 exportar soya, ma\u00edz, arroz, carne bovina, casta\u00f1a, cacao, productos forestales y los empresarios privados tendr\u00e1n la oportunidad de contar con una salida comercial a mercados de exportaci\u00f3n del oc\u00e9ano atl\u00e1ntico, as\u00ed tambi\u00e9n ayudara a la exportaci\u00f3n de AMONIACO Y UREA desde la planta en Bulo Bulo.<\/p>\n","protected":false},"excerpt":{"rendered":"<p>CONSTRUCCI\u00d3N DE OBRAS COMPLEMENTARIAS (PROTECCI\u00d3N Y MEJORAMIENTO PORTUARIO) EN PUERTO VILLARROEL UBICACI\u00d3N: Comienza en un tramo del r\u00edo Ichilo, en<\/p>\n","protected":false},"author":1,"featured_media":910,"comment_status":"closed","ping_status":"open","sticky":false,"template":"","format":"gallery","meta":{"colormag_page_layout":"no_sidebar_content_centered","_joinchat":[],"footnotes":""},"categories":[10,2],"tags":[],"class_list":["post-917","post","type-post","status-publish","format-gallery","has-post-thumbnail","hentry","category-general","category-business","post_format-post-format-gallery"],"aioseo_notices":[],"_links":{"self":[{"href":"http:\/\/www.ebc.gob.bo\/portal\/index.php\/wp-json\/wp\/v2\/posts\/917","targetHints":{"allow":["GET"]}}],"collection":[{"href":"http:\/\/www.ebc.gob.bo\/portal\/index.php\/wp-json\/wp\/v2\/posts"}],"about":[{"href":"http:\/\/www.ebc.gob.bo\/portal\/index.php\/wp-json\/wp\/v2\/types\/post"}],"author":[{"embeddable":true,"href":"http:\/\/www.ebc.gob.bo\/portal\/index.php\/wp-json\/wp\/v2\/users\/1"}],"replies":[{"embeddable":true,"href":"http:\/\/www.ebc.gob.bo\/portal\/index.php\/wp-json\/wp\/v2\/comments?post=917"}],"version-history":[{"count":4,"href":"http:\/\/www.ebc.gob.bo\/portal\/index.php\/wp-json\/wp\/v2\/posts\/917\/revisions"}],"predecessor-version":[{"id":5126,"href":"http:\/\/www.ebc.gob.bo\/portal\/index.php\/wp-json\/wp\/v2\/posts\/917\/revisions\/5126"}],"wp:featuredmedia":[{"embeddable":true,"href":"http:\/\/www.ebc.gob.bo\/portal\/index.php\/wp-json\/wp\/v2\/media\/910"}],"wp:attachment":[{"href":"http:\/\/www.ebc.gob.bo\/portal\/index.php\/wp-json\/wp\/v2\/media?parent=917"}],"wp:term":[{"taxonomy":"category","embeddable":true,"href":"http:\/\/www.ebc.gob.bo\/portal\/index.php\/wp-json\/wp\/v2\/categories?post=917"},{"taxonomy":"post_tag","embeddable":true,"href":"http:\/\/www.ebc.gob.bo\/portal\/index.php\/wp-json\/wp\/v2\/tags?post=917"}],"curies":[{"name":"wp","href":"https:\/\/api.w.org\/{rel}","templated":true}]}}